{"id":10707,"date":"2025-09-05T09:03:35","date_gmt":"2025-09-05T09:03:35","guid":{"rendered":"https:\/\/derbildkomponist.de\/?p=10707"},"modified":"2025-09-05T09:16:46","modified_gmt":"2025-09-05T09:16:46","slug":"popup-fuer-einen-tag","status":"publish","type":"post","link":"https:\/\/derbildkomponist.de\/?p=10707","title":{"rendered":"Popup f\u00fcr einen Tag"},"content":{"rendered":"\n<p>2,5 Stunden Aufbau, 8 Stunden Ausstellung, halbe Stunde einpacken.<\/p>\n\n\n\n<p>Das die Kurzversion einer Ausstellung f\u00fcr einen Tag, die ich neulich machen durfte. Aber beginnen wir von vorne. Mich hatte jemand zu Zeiten meiner Popup Galerie in Altenberge gefragt, ob ich nicht Lust h\u00e4tte, auf einem privaten Laienmusikertreffen, den Tennenbereich des Hofes mit meinen Fotos zu bespielen. Ich war neugierig, mal so improvisiert in einem Raum, der eigentlich garnicht f\u00fcr so etwas gedacht ist auszustellen und da ich das dienstlich einrichten konnte, habe ich mich darauf eingelassen. Nun war dieser Tag und ich m\u00f6chte ein kleines Fazit ziehen. Erstmal zum Tag selber. Was so an Fotos von mir ins Auto passte, stand dann morgens bereit, aufgeh\u00e4ngt, gestellt und gelegt zu werden.<\/p>\n\n\n\n<figure class=\"wp-block-image size-large\"><img loading=\"lazy\" decoding=\"async\" width=\"771\" height=\"1024\" src=\"https:\/\/derbildkomponist.de\/wp-content\/uploads\/2025\/09\/pxl_20250830_0756480788690866110426716371-771x1024.jpg\" alt=\"\" class=\"wp-image-10689\" srcset=\"https:\/\/derbildkomponist.de\/wp-content\/uploads\/2025\/09\/pxl_20250830_0756480788690866110426716371-771x1024.jpg 771w, https:\/\/derbildkomponist.de\/wp-content\/uploads\/2025\/09\/pxl_20250830_0756480788690866110426716371-226x300.jpg 226w, https:\/\/derbildkomponist.de\/wp-content\/uploads\/2025\/09\/pxl_20250830_0756480788690866110426716371-768x1020.jpg 768w, https:\/\/derbildkomponist.de\/wp-content\/uploads\/2025\/09\/pxl_20250830_0756480788690866110426716371-1157x1536.jpg 1157w, https:\/\/derbildkomponist.de\/wp-content\/uploads\/2025\/09\/pxl_20250830_0756480788690866110426716371.jpg 1506w\" sizes=\"(max-width: 771px) 100vw, 771px\" \/><\/figure>\n\n\n\n<p>Ich fing mit den gr\u00f6\u00dften Bildern an, die auf der rechten Holzverkleidung vorgesehen waren. Dann standen zwei Anstellleitern und eine Holzleiste an der linken Wand zur Verf\u00fcgung und es f\u00fcgte sich, dass ich sogar etwas thematisch h\u00e4ngen konnte. Gottseidank sind die Leinwandbilder ja sehr leicht und h\u00e4ngen mit einem Nagel. Da alles im Raum sowieso nicht so abgezirkelt war, konnte ich viel mit Augenma\u00df und etwas Zollstock arbeiten. Auch f\u00fcr die weiteren Ecken fand ich irgendwie immer eine L\u00f6sung. Sei es auf dem Holzstapel, da legte ich die Bilder drauf und zog H\u00f6lzer leicht aus dem Stapel und h\u00e4ngte daran einige kleine Fotos. Alles in allem fand alles Mitgebrachte bis auf drei ausversehen doppelt mitgenommene Fotos ihren Platz. <\/p>\n\n\n\n<figure class=\"wp-block-gallery has-nested-images columns-1 wp-block-gallery-1 is-layout-flex wp-block-gallery-is-layout-flex\">\n<figure class=\"wp-block-image size-large\"><a href=\"https:\/\/derbildkomponist.de\/wp-content\/uploads\/2025\/09\/pxl_20250830_112216596281297506852831545187473.jpg\"><img loading=\"lazy\" decoding=\"async\" width=\"1024\" height=\"1024\" data-id=\"10691\" src=\"https:\/\/derbildkomponist.de\/wp-content\/uploads\/2025\/09\/pxl_20250830_112216596281297506852831545187473-1024x1024.jpg\" alt=\"\" class=\"wp-image-10691\" srcset=\"https:\/\/derbildkomponist.de\/wp-content\/uploads\/2025\/09\/pxl_20250830_112216596281297506852831545187473-1024x1024.jpg 1024w, https:\/\/derbildkomponist.de\/wp-content\/uploads\/2025\/09\/pxl_20250830_112216596281297506852831545187473-300x300.jpg 300w, https:\/\/derbildkomponist.de\/wp-content\/uploads\/2025\/09\/pxl_20250830_112216596281297506852831545187473-150x150.jpg 150w, https:\/\/derbildkomponist.de\/wp-content\/uploads\/2025\/09\/pxl_20250830_112216596281297506852831545187473-768x768.jpg 768w, https:\/\/derbildkomponist.de\/wp-content\/uploads\/2025\/09\/pxl_20250830_112216596281297506852831545187473-1536x1536.jpg 1536w, https:\/\/derbildkomponist.de\/wp-content\/uploads\/2025\/09\/pxl_20250830_112216596281297506852831545187473.jpg 2000w\" sizes=\"(max-width: 1024px) 100vw, 1024px\" \/><\/a><\/figure>\n\n\n\n<figure class=\"wp-block-image size-large\"><a href=\"https:\/\/derbildkomponist.de\/wp-content\/uploads\/2025\/09\/pxl_20250830_1132447702668598947063710142.jpg\"><img loading=\"lazy\" decoding=\"async\" width=\"771\" height=\"1024\" data-id=\"10692\" src=\"https:\/\/derbildkomponist.de\/wp-content\/uploads\/2025\/09\/pxl_20250830_1132447702668598947063710142-771x1024.jpg\" alt=\"\" class=\"wp-image-10692\" srcset=\"https:\/\/derbildkomponist.de\/wp-content\/uploads\/2025\/09\/pxl_20250830_1132447702668598947063710142-771x1024.jpg 771w, https:\/\/derbildkomponist.de\/wp-content\/uploads\/2025\/09\/pxl_20250830_1132447702668598947063710142-226x300.jpg 226w, https:\/\/derbildkomponist.de\/wp-content\/uploads\/2025\/09\/pxl_20250830_1132447702668598947063710142-768x1020.jpg 768w, https:\/\/derbildkomponist.de\/wp-content\/uploads\/2025\/09\/pxl_20250830_1132447702668598947063710142-1157x1536.jpg 1157w, https:\/\/derbildkomponist.de\/wp-content\/uploads\/2025\/09\/pxl_20250830_1132447702668598947063710142.jpg 1506w\" sizes=\"(max-width: 771px) 100vw, 771px\" \/><\/a><\/figure>\n\n\n\n<figure class=\"wp-block-image size-large\"><a href=\"https:\/\/derbildkomponist.de\/wp-content\/uploads\/2025\/09\/pxl_20250830_1132540688125045665375204358.jpg\"><img loading=\"lazy\" decoding=\"async\" width=\"771\" height=\"1024\" data-id=\"10693\" src=\"https:\/\/derbildkomponist.de\/wp-content\/uploads\/2025\/09\/pxl_20250830_1132540688125045665375204358-771x1024.jpg\" alt=\"\" class=\"wp-image-10693\" srcset=\"https:\/\/derbildkomponist.de\/wp-content\/uploads\/2025\/09\/pxl_20250830_1132540688125045665375204358-771x1024.jpg 771w, https:\/\/derbildkomponist.de\/wp-content\/uploads\/2025\/09\/pxl_20250830_1132540688125045665375204358-226x300.jpg 226w, https:\/\/derbildkomponist.de\/wp-content\/uploads\/2025\/09\/pxl_20250830_1132540688125045665375204358-768x1020.jpg 768w, https:\/\/derbildkomponist.de\/wp-content\/uploads\/2025\/09\/pxl_20250830_1132540688125045665375204358-1157x1536.jpg 1157w, https:\/\/derbildkomponist.de\/wp-content\/uploads\/2025\/09\/pxl_20250830_1132540688125045665375204358.jpg 1506w\" sizes=\"(max-width: 771px) 100vw, 771px\" \/><\/a><\/figure>\n\n\n\n<figure class=\"wp-block-image size-large\"><a href=\"https:\/\/derbildkomponist.de\/wp-content\/uploads\/2025\/09\/db_20250830_0441261538022684170163.jpg\"><img loading=\"lazy\" decoding=\"async\" width=\"1024\" height=\"768\" data-id=\"10694\" src=\"https:\/\/derbildkomponist.de\/wp-content\/uploads\/2025\/09\/db_20250830_0441261538022684170163-1024x768.jpg\" alt=\"\" class=\"wp-image-10694\" srcset=\"https:\/\/derbildkomponist.de\/wp-content\/uploads\/2025\/09\/db_20250830_0441261538022684170163-1024x768.jpg 1024w, https:\/\/derbildkomponist.de\/wp-content\/uploads\/2025\/09\/db_20250830_0441261538022684170163-300x225.jpg 300w, https:\/\/derbildkomponist.de\/wp-content\/uploads\/2025\/09\/db_20250830_0441261538022684170163-768x576.jpg 768w, https:\/\/derbildkomponist.de\/wp-content\/uploads\/2025\/09\/db_20250830_0441261538022684170163-1536x1152.jpg 1536w, https:\/\/derbildkomponist.de\/wp-content\/uploads\/2025\/09\/db_20250830_0441261538022684170163-361x271.jpg 361w, https:\/\/derbildkomponist.de\/wp-content\/uploads\/2025\/09\/db_20250830_0441261538022684170163.jpg 2000w\" sizes=\"(max-width: 1024px) 100vw, 1024px\" \/><\/a><\/figure>\n\n\n\n<figure class=\"wp-block-image size-large\"><a href=\"https:\/\/derbildkomponist.de\/wp-content\/uploads\/2025\/09\/pxl_20250830_0803273232868495465095113478.jpg\"><img loading=\"lazy\" decoding=\"async\" width=\"771\" height=\"1024\" data-id=\"10690\" src=\"https:\/\/derbildkomponist.de\/wp-content\/uploads\/2025\/09\/pxl_20250830_0803273232868495465095113478-771x1024.jpg\" alt=\"\" class=\"wp-image-10690\" srcset=\"https:\/\/derbildkomponist.de\/wp-content\/uploads\/2025\/09\/pxl_20250830_0803273232868495465095113478-771x1024.jpg 771w, https:\/\/derbildkomponist.de\/wp-content\/uploads\/2025\/09\/pxl_20250830_0803273232868495465095113478-226x300.jpg 226w, https:\/\/derbildkomponist.de\/wp-content\/uploads\/2025\/09\/pxl_20250830_0803273232868495465095113478-768x1020.jpg 768w, https:\/\/derbildkomponist.de\/wp-content\/uploads\/2025\/09\/pxl_20250830_0803273232868495465095113478-1157x1536.jpg 1157w, https:\/\/derbildkomponist.de\/wp-content\/uploads\/2025\/09\/pxl_20250830_0803273232868495465095113478.jpg 1506w\" sizes=\"(max-width: 771px) 100vw, 771px\" \/><\/a><\/figure>\n\n\n\n<figure class=\"wp-block-image size-large\"><a href=\"https:\/\/derbildkomponist.de\/wp-content\/uploads\/2025\/09\/pxl_20250830_1130011975086753389013287519.jpg\"><img loading=\"lazy\" decoding=\"async\" width=\"771\" height=\"1024\" data-id=\"10695\" src=\"https:\/\/derbildkomponist.de\/wp-content\/uploads\/2025\/09\/pxl_20250830_1130011975086753389013287519-771x1024.jpg\" alt=\"\" class=\"wp-image-10695\" srcset=\"https:\/\/derbildkomponist.de\/wp-content\/uploads\/2025\/09\/pxl_20250830_1130011975086753389013287519-771x1024.jpg 771w, https:\/\/derbildkomponist.de\/wp-content\/uploads\/2025\/09\/pxl_20250830_1130011975086753389013287519-226x300.jpg 226w, https:\/\/derbildkomponist.de\/wp-content\/uploads\/2025\/09\/pxl_20250830_1130011975086753389013287519-768x1020.jpg 768w, https:\/\/derbildkomponist.de\/wp-content\/uploads\/2025\/09\/pxl_20250830_1130011975086753389013287519-1157x1536.jpg 1157w, https:\/\/derbildkomponist.de\/wp-content\/uploads\/2025\/09\/pxl_20250830_1130011975086753389013287519.jpg 1506w\" sizes=\"(max-width: 771px) 100vw, 771px\" \/><\/a><\/figure>\n\n\n\n<figure class=\"wp-block-image size-large\"><a href=\"https:\/\/derbildkomponist.de\/wp-content\/uploads\/2025\/09\/db_20250830_0678871615645923061695.jpg\"><img loading=\"lazy\" decoding=\"async\" width=\"768\" height=\"1024\" data-id=\"10698\" src=\"https:\/\/derbildkomponist.de\/wp-content\/uploads\/2025\/09\/db_20250830_0678871615645923061695-768x1024.jpg\" alt=\"\" class=\"wp-image-10698\" srcset=\"https:\/\/derbildkomponist.de\/wp-content\/uploads\/2025\/09\/db_20250830_0678871615645923061695-768x1024.jpg 768w, https:\/\/derbildkomponist.de\/wp-content\/uploads\/2025\/09\/db_20250830_0678871615645923061695-225x300.jpg 225w, https:\/\/derbildkomponist.de\/wp-content\/uploads\/2025\/09\/db_20250830_0678871615645923061695-1152x1536.jpg 1152w, https:\/\/derbildkomponist.de\/wp-content\/uploads\/2025\/09\/db_20250830_0678871615645923061695.jpg 1500w\" sizes=\"(max-width: 768px) 100vw, 768px\" \/><\/a><\/figure>\n\n\n\n<figure class=\"wp-block-image size-large\"><a href=\"https:\/\/derbildkomponist.de\/wp-content\/uploads\/2025\/09\/db_20250830_1098253408501988087847.jpg\"><img loading=\"lazy\" decoding=\"async\" width=\"768\" height=\"1024\" data-id=\"10696\" src=\"https:\/\/derbildkomponist.de\/wp-content\/uploads\/2025\/09\/db_20250830_1098253408501988087847-768x1024.jpg\" alt=\"\" class=\"wp-image-10696\" srcset=\"https:\/\/derbildkomponist.de\/wp-content\/uploads\/2025\/09\/db_20250830_1098253408501988087847-768x1024.jpg 768w, https:\/\/derbildkomponist.de\/wp-content\/uploads\/2025\/09\/db_20250830_1098253408501988087847-225x300.jpg 225w, https:\/\/derbildkomponist.de\/wp-content\/uploads\/2025\/09\/db_20250830_1098253408501988087847-1152x1536.jpg 1152w, https:\/\/derbildkomponist.de\/wp-content\/uploads\/2025\/09\/db_20250830_1098253408501988087847.jpg 1500w\" sizes=\"(max-width: 768px) 100vw, 768px\" \/><\/a><\/figure>\n\n\n\n<figure class=\"wp-block-image size-large\"><a href=\"https:\/\/derbildkomponist.de\/wp-content\/uploads\/2025\/09\/db_20250830_1367330381163679262815.jpg\"><img loading=\"lazy\" decoding=\"async\" width=\"1024\" height=\"768\" data-id=\"10697\" src=\"https:\/\/derbildkomponist.de\/wp-content\/uploads\/2025\/09\/db_20250830_1367330381163679262815-1024x768.jpg\" alt=\"\" class=\"wp-image-10697\" srcset=\"https:\/\/derbildkomponist.de\/wp-content\/uploads\/2025\/09\/db_20250830_1367330381163679262815-1024x768.jpg 1024w, https:\/\/derbildkomponist.de\/wp-content\/uploads\/2025\/09\/db_20250830_1367330381163679262815-300x225.jpg 300w, https:\/\/derbildkomponist.de\/wp-content\/uploads\/2025\/09\/db_20250830_1367330381163679262815-768x576.jpg 768w, https:\/\/derbildkomponist.de\/wp-content\/uploads\/2025\/09\/db_20250830_1367330381163679262815-1536x1152.jpg 1536w, https:\/\/derbildkomponist.de\/wp-content\/uploads\/2025\/09\/db_20250830_1367330381163679262815-361x271.jpg 361w, https:\/\/derbildkomponist.de\/wp-content\/uploads\/2025\/09\/db_20250830_1367330381163679262815.jpg 2000w\" sizes=\"(max-width: 1024px) 100vw, 1024px\" \/><\/a><\/figure>\n\n\n\n<figure class=\"wp-block-image size-large\"><a href=\"https:\/\/derbildkomponist.de\/wp-content\/uploads\/2025\/09\/db_20250830_048110412026720708961.jpg\"><img loading=\"lazy\" decoding=\"async\" width=\"1024\" height=\"768\" data-id=\"10700\" src=\"https:\/\/derbildkomponist.de\/wp-content\/uploads\/2025\/09\/db_20250830_048110412026720708961-1024x768.jpg\" alt=\"\" class=\"wp-image-10700\" srcset=\"https:\/\/derbildkomponist.de\/wp-content\/uploads\/2025\/09\/db_20250830_048110412026720708961-1024x768.jpg 1024w, https:\/\/derbildkomponist.de\/wp-content\/uploads\/2025\/09\/db_20250830_048110412026720708961-300x225.jpg 300w, https:\/\/derbildkomponist.de\/wp-content\/uploads\/2025\/09\/db_20250830_048110412026720708961-768x576.jpg 768w, https:\/\/derbildkomponist.de\/wp-content\/uploads\/2025\/09\/db_20250830_048110412026720708961-1536x1152.jpg 1536w, https:\/\/derbildkomponist.de\/wp-content\/uploads\/2025\/09\/db_20250830_048110412026720708961-361x271.jpg 361w, https:\/\/derbildkomponist.de\/wp-content\/uploads\/2025\/09\/db_20250830_048110412026720708961.jpg 2000w\" sizes=\"(max-width: 1024px) 100vw, 1024px\" \/><\/a><\/figure>\n\n\n\n<figure class=\"wp-block-image size-large\"><a href=\"https:\/\/derbildkomponist.de\/wp-content\/uploads\/2025\/09\/db_20250830_0743000251312364988438.jpg\"><img loading=\"lazy\" decoding=\"async\" width=\"768\" height=\"1024\" data-id=\"10699\" src=\"https:\/\/derbildkomponist.de\/wp-content\/uploads\/2025\/09\/db_20250830_0743000251312364988438-768x1024.jpg\" alt=\"\" class=\"wp-image-10699\" srcset=\"https:\/\/derbildkomponist.de\/wp-content\/uploads\/2025\/09\/db_20250830_0743000251312364988438-768x1024.jpg 768w, https:\/\/derbildkomponist.de\/wp-content\/uploads\/2025\/09\/db_20250830_0743000251312364988438-225x300.jpg 225w, https:\/\/derbildkomponist.de\/wp-content\/uploads\/2025\/09\/db_20250830_0743000251312364988438-1152x1536.jpg 1152w, https:\/\/derbildkomponist.de\/wp-content\/uploads\/2025\/09\/db_20250830_0743000251312364988438.jpg 1500w\" sizes=\"(max-width: 768px) 100vw, 768px\" \/><\/a><\/figure>\n\n\n\n<figure class=\"wp-block-image size-large\"><a href=\"https:\/\/derbildkomponist.de\/wp-content\/uploads\/2025\/09\/db_20250830_0495022646835934529819.jpg\"><img loading=\"lazy\" decoding=\"async\" width=\"768\" height=\"1024\" data-id=\"10703\" src=\"https:\/\/derbildkomponist.de\/wp-content\/uploads\/2025\/09\/db_20250830_0495022646835934529819-768x1024.jpg\" alt=\"\" class=\"wp-image-10703\" srcset=\"https:\/\/derbildkomponist.de\/wp-content\/uploads\/2025\/09\/db_20250830_0495022646835934529819-768x1024.jpg 768w, https:\/\/derbildkomponist.de\/wp-content\/uploads\/2025\/09\/db_20250830_0495022646835934529819-225x300.jpg 225w, https:\/\/derbildkomponist.de\/wp-content\/uploads\/2025\/09\/db_20250830_0495022646835934529819-1152x1536.jpg 1152w, https:\/\/derbildkomponist.de\/wp-content\/uploads\/2025\/09\/db_20250830_0495022646835934529819.jpg 1500w\" sizes=\"(max-width: 768px) 100vw, 768px\" \/><\/a><\/figure>\n\n\n\n<figure class=\"wp-block-image size-large\"><a href=\"https:\/\/derbildkomponist.de\/wp-content\/uploads\/2025\/09\/db_20250830_1349017553900388609410.jpg\"><img loading=\"lazy\" decoding=\"async\" width=\"822\" height=\"1024\" data-id=\"10702\" src=\"https:\/\/derbildkomponist.de\/wp-content\/uploads\/2025\/09\/db_20250830_1349017553900388609410-822x1024.jpg\" alt=\"\" class=\"wp-image-10702\" srcset=\"https:\/\/derbildkomponist.de\/wp-content\/uploads\/2025\/09\/db_20250830_1349017553900388609410-822x1024.jpg 822w, https:\/\/derbildkomponist.de\/wp-content\/uploads\/2025\/09\/db_20250830_1349017553900388609410-241x300.jpg 241w, https:\/\/derbildkomponist.de\/wp-content\/uploads\/2025\/09\/db_20250830_1349017553900388609410-768x956.jpg 768w, https:\/\/derbildkomponist.de\/wp-content\/uploads\/2025\/09\/db_20250830_1349017553900388609410-1233x1536.jpg 1233w, https:\/\/derbildkomponist.de\/wp-content\/uploads\/2025\/09\/db_20250830_1349017553900388609410.jpg 1606w\" sizes=\"(max-width: 822px) 100vw, 822px\" \/><\/a><\/figure>\n\n\n\n<figure class=\"wp-block-image size-large\"><a href=\"https:\/\/derbildkomponist.de\/wp-content\/uploads\/2025\/09\/db_20250830_1018321319789178761619.jpg\"><img loading=\"lazy\" decoding=\"async\" width=\"1024\" height=\"768\" data-id=\"10701\" src=\"https:\/\/derbildkomponist.de\/wp-content\/uploads\/2025\/09\/db_20250830_1018321319789178761619-1024x768.jpg\" alt=\"\" class=\"wp-image-10701\" srcset=\"https:\/\/derbildkomponist.de\/wp-content\/uploads\/2025\/09\/db_20250830_1018321319789178761619-1024x768.jpg 1024w, https:\/\/derbildkomponist.de\/wp-content\/uploads\/2025\/09\/db_20250830_1018321319789178761619-300x225.jpg 300w, https:\/\/derbildkomponist.de\/wp-content\/uploads\/2025\/09\/db_20250830_1018321319789178761619-768x576.jpg 768w, https:\/\/derbildkomponist.de\/wp-content\/uploads\/2025\/09\/db_20250830_1018321319789178761619-1536x1152.jpg 1536w, https:\/\/derbildkomponist.de\/wp-content\/uploads\/2025\/09\/db_20250830_1018321319789178761619-361x271.jpg 361w, https:\/\/derbildkomponist.de\/wp-content\/uploads\/2025\/09\/db_20250830_1018321319789178761619.jpg 2000w\" sizes=\"(max-width: 1024px) 100vw, 1024px\" \/><\/a><\/figure>\n\n\n\n<figure class=\"wp-block-image size-large\"><a href=\"https:\/\/derbildkomponist.de\/wp-content\/uploads\/2025\/09\/db_20250830_0793364766200096599721.jpg\"><img loading=\"lazy\" decoding=\"async\" width=\"1024\" height=\"768\" data-id=\"10704\" src=\"https:\/\/derbildkomponist.de\/wp-content\/uploads\/2025\/09\/db_20250830_0793364766200096599721-1024x768.jpg\" alt=\"\" class=\"wp-image-10704\" srcset=\"https:\/\/derbildkomponist.de\/wp-content\/uploads\/2025\/09\/db_20250830_0793364766200096599721-1024x768.jpg 1024w, https:\/\/derbildkomponist.de\/wp-content\/uploads\/2025\/09\/db_20250830_0793364766200096599721-300x225.jpg 300w, https:\/\/derbildkomponist.de\/wp-content\/uploads\/2025\/09\/db_20250830_0793364766200096599721-768x576.jpg 768w, https:\/\/derbildkomponist.de\/wp-content\/uploads\/2025\/09\/db_20250830_0793364766200096599721-1536x1152.jpg 1536w, https:\/\/derbildkomponist.de\/wp-content\/uploads\/2025\/09\/db_20250830_0793364766200096599721-361x271.jpg 361w, https:\/\/derbildkomponist.de\/wp-content\/uploads\/2025\/09\/db_20250830_0793364766200096599721.jpg 2000w\" sizes=\"(max-width: 1024px) 100vw, 1024px\" \/><\/a><\/figure>\n\n\n\n<figure class=\"wp-block-image size-large\"><a href=\"https:\/\/derbildkomponist.de\/wp-content\/uploads\/2025\/09\/db_20250830_0331760026346548175289.jpg\"><img loading=\"lazy\" decoding=\"async\" width=\"768\" height=\"1024\" data-id=\"10706\" src=\"https:\/\/derbildkomponist.de\/wp-content\/uploads\/2025\/09\/db_20250830_0331760026346548175289-768x1024.jpg\" alt=\"\" class=\"wp-image-10706\" srcset=\"https:\/\/derbildkomponist.de\/wp-content\/uploads\/2025\/09\/db_20250830_0331760026346548175289-768x1024.jpg 768w, https:\/\/derbildkomponist.de\/wp-content\/uploads\/2025\/09\/db_20250830_0331760026346548175289-225x300.jpg 225w, https:\/\/derbildkomponist.de\/wp-content\/uploads\/2025\/09\/db_20250830_0331760026346548175289-1152x1536.jpg 1152w, https:\/\/derbildkomponist.de\/wp-content\/uploads\/2025\/09\/db_20250830_0331760026346548175289.jpg 1500w\" sizes=\"(max-width: 768px) 100vw, 768px\" \/><\/a><\/figure>\n\n\n\n<figure class=\"wp-block-image size-large\"><a href=\"https:\/\/derbildkomponist.de\/wp-content\/uploads\/2025\/09\/db_20250830_0802319225147797782216.jpg\"><img loading=\"lazy\" decoding=\"async\" width=\"1024\" height=\"768\" data-id=\"10705\" src=\"https:\/\/derbildkomponist.de\/wp-content\/uploads\/2025\/09\/db_20250830_0802319225147797782216-1024x768.jpg\" alt=\"\" class=\"wp-image-10705\" srcset=\"https:\/\/derbildkomponist.de\/wp-content\/uploads\/2025\/09\/db_20250830_0802319225147797782216-1024x768.jpg 1024w, https:\/\/derbildkomponist.de\/wp-content\/uploads\/2025\/09\/db_20250830_0802319225147797782216-300x225.jpg 300w, https:\/\/derbildkomponist.de\/wp-content\/uploads\/2025\/09\/db_20250830_0802319225147797782216-768x576.jpg 768w, https:\/\/derbildkomponist.de\/wp-content\/uploads\/2025\/09\/db_20250830_0802319225147797782216-1536x1152.jpg 1536w, https:\/\/derbildkomponist.de\/wp-content\/uploads\/2025\/09\/db_20250830_0802319225147797782216-361x271.jpg 361w, https:\/\/derbildkomponist.de\/wp-content\/uploads\/2025\/09\/db_20250830_0802319225147797782216.jpg 2000w\" sizes=\"(max-width: 1024px) 100vw, 1024px\" \/><\/a><\/figure>\n<\/figure>\n\n\n\n<p>Wie ja auf den Fotos zu sehen, passte das alles ganz gut in den Raum. Die landwirtschaftlich gepr\u00e4gte Tenne gab eine gute Grundlage f\u00fcr meine l\u00e4ndlichen Fotos. W\u00e4hrend drau\u00dfen die verschiedenen Gruppen spielten, kam immer mal wieder jemand rein, vertiefte sich in die Bilder und ich wurde mit vielen Fragen \u00fcberh\u00e4uft. Es ergaben sich sehr nette Gespr\u00e4che, allgemein und speziell nat\u00fcrlich \u00fcber meine Fotografie. Es war interessant, sich mal mit &#8222;Nicht-Fachleuten&#8220; und deren Sichtweise auf die Fotografie zu unterhalten. Es kommen ganz andere Gespr\u00e4che und Themen heraus. Viele fanden meine Bilder fast wie gemalt und stimmungsvoll. Da habe ich mit der Wahl als Leinwandbilder meine Absicht beim Publikum getroffen.<\/p>\n\n\n\n<p>Und was kam bei dieser Veranstaltung rum? Wie ich immer betone, muss ich ja von der Fotografie nicht leben. Habe Interesse geweckt und auch vier kleine Bilder verkauft. Andere wollen sich nochmal melden\u2026Die Einnahmen spende ich \u00fcbrigens an die Deutsche Gesellschaft f\u00fcr ME-CFS. Aber darum ging es mir garnicht. Ich wei\u00df wie schwierig es die Fotografie als \u201cKunst\u201d hat,&nbsp; Gem\u00e4lde verkaufen sich sicherlich besser.&nbsp; Wenn man etwas mit Leidenschaft macht, dann macht so ein Hobby einfach Spass und da setzt man sich auch mal gerne einen Tag hin, ohne einen finanziellen Aspekt dahinter. Da sehe ich die Parallele zu den \u201cLaien\u201d, die sich an dem Tag trafen, um ihrer Leidenschaft nachzugehen und andere einfach nur mit ihrem Spiel erfreuen m\u00f6chten. Also alles gut und alles richtig gemacht. Nebenbei lernt man nette Menschen kennen und vielleicht springt sogar eine weitere Ausstellung dabei raus und die Idee, selber mal etwas auf unserm Hof auf die Beine zu stellen.&nbsp; Schauen wir mal\u2026.<\/p>\n","protected":false},"excerpt":{"rendered":"<p> &hellip;<\/p>\n","protected":false},"author":1,"featured_media":10708,"comment_status":"open","ping_status":"open","sticky":false,"template":"","format":"standard","meta":{"ngg_post_thumbnail":0,"jetpack_post_was_ever_published":false,"_jetpack_newsletter_access":"","_jetpack_newsletter_tier_id":0,"footnotes":""},"categories":[1,14,4,9],"tags":[],"jetpack_sharing_enabled":true,"jetpack_featured_media_url":"https:\/\/derbildkomponist.de\/wp-content\/uploads\/2025\/09\/PXL_20250830_113001197-scaled.jpg","_links":{"self":[{"href":"https:\/\/derbildkomponist.de\/index.php?rest_route=\/wp\/v2\/posts\/10707"}],"collection":[{"href":"https:\/\/derbildkomponist.de\/index.php?rest_route=\/wp\/v2\/posts"}],"about":[{"href":"https:\/\/derbildkomponist.de\/index.php?rest_route=\/wp\/v2\/types\/post"}],"author":[{"embeddable":true,"href":"https:\/\/derbildkomponist.de\/index.php?rest_route=\/wp\/v2\/users\/1"}],"replies":[{"embeddable":true,"href":"https:\/\/derbildkomponist.de\/index.php?rest_route=%2Fwp%2Fv2%2Fcomments&post=10707"}],"version-history":[{"count":1,"href":"https:\/\/derbildkomponist.de\/index.php?rest_route=\/wp\/v2\/posts\/10707\/revisions"}],"predecessor-version":[{"id":10709,"href":"https:\/\/derbildkomponist.de\/index.php?rest_route=\/wp\/v2\/posts\/10707\/revisions\/10709"}],"wp:featuredmedia":[{"embeddable":true,"href":"https:\/\/derbildkomponist.de\/index.php?rest_route=\/wp\/v2\/media\/10708"}],"wp:attachment":[{"href":"https:\/\/derbildkomponist.de\/index.php?rest_route=%2Fwp%2Fv2%2Fmedia&parent=10707"}],"wp:term":[{"taxonomy":"category","embeddable":true,"href":"https:\/\/derbildkomponist.de\/index.php?rest_route=%2Fwp%2Fv2%2Fcategories&post=10707"},{"taxonomy":"post_tag","embeddable":true,"href":"https:\/\/derbildkomponist.de\/index.php?rest_route=%2Fwp%2Fv2%2Ftags&post=10707"}],"curies":[{"name":"wp","href":"https:\/\/api.w.org\/{rel}","templated":true}]}}