{"id":5266,"date":"2022-12-26T11:26:25","date_gmt":"2022-12-26T11:26:25","guid":{"rendered":"http:\/\/derbildkomponist.de\/?p=5266"},"modified":"2022-12-26T11:26:25","modified_gmt":"2022-12-26T11:26:25","slug":"mein-lieblingsobjektiv-2022","status":"publish","type":"post","link":"https:\/\/derbildkomponist.de\/?p=5266","title":{"rendered":"Mein Lieblingsobjektiv 2022"},"content":{"rendered":"\n<p class=\"has-black-color has-cyan-bluish-gray-background-color has-text-color has-background\">&#8230;und sonstige Beobachtungen bei der Auswertung meiner Fotos des Jahres 2022 inkl. einiger Beispielfotos.<\/p>\n\n\n\n<p>Habe mal so am baldigen Ende des Jahres \u00fcberlegt, was wohl in diesem Jahr mein Lieblingsobjektiv war und da brauchte ich garnicht in meinen Fotos bei den Exif-Dateien zu schauen. Gef\u00fchlt war es mein 100-400mm Objektiv(auf Kleinbild umgerechnet). Nat\u00fcrlich habe ich dann auch in Lightroom geschaut und es stimmt: von meinen 5700 Fotos in 2022(das sind die, die ich erst einmal behalte&#8230;) sind \u00fcber 1800 mit diesem Objektiv gemacht. Hier einige Beispiele:<\/p>\n\n\n\n<figure class=\"wp-block-gallery columns-1 is-cropped wp-block-gallery-1 is-layout-flex wp-block-gallery-is-layout-flex\"><ul class=\"blocks-gallery-grid\"><li class=\"blocks-gallery-item\"><figure><a href=\"http:\/\/derbildkomponist.de\/wp-content\/uploads\/2022\/12\/001-db_20220212_068.jpg\"><img loading=\"lazy\" decoding=\"async\" width=\"1024\" height=\"768\" src=\"http:\/\/derbildkomponist.de\/wp-content\/uploads\/2022\/12\/001-db_20220212_068-1024x768.jpg\" alt=\"\" data-id=\"5268\" data-full-url=\"http:\/\/derbildkomponist.de\/wp-content\/uploads\/2022\/12\/001-db_20220212_068.jpg\" data-link=\"http:\/\/derbildkomponist.de\/?attachment_id=5268\" class=\"wp-image-5268\" srcset=\"https:\/\/derbildkomponist.de\/wp-content\/uploads\/2022\/12\/001-db_20220212_068-1024x768.jpg 1024w, https:\/\/derbildkomponist.de\/wp-content\/uploads\/2022\/12\/001-db_20220212_068-300x225.jpg 300w, https:\/\/derbildkomponist.de\/wp-content\/uploads\/2022\/12\/001-db_20220212_068-768x576.jpg 768w, https:\/\/derbildkomponist.de\/wp-content\/uploads\/2022\/12\/001-db_20220212_068-1536x1152.jpg 1536w, https:\/\/derbildkomponist.de\/wp-content\/uploads\/2022\/12\/001-db_20220212_068-2000x1500.jpg 2000w, https:\/\/derbildkomponist.de\/wp-content\/uploads\/2022\/12\/001-db_20220212_068.jpg 2048w\" sizes=\"(max-width: 1024px) 100vw, 1024px\" \/><\/a><\/figure><\/li><li class=\"blocks-gallery-item\"><figure><a href=\"http:\/\/derbildkomponist.de\/wp-content\/uploads\/2022\/12\/002-db_20220430_025.jpg\"><img loading=\"lazy\" decoding=\"async\" width=\"1024\" height=\"768\" src=\"http:\/\/derbildkomponist.de\/wp-content\/uploads\/2022\/12\/002-db_20220430_025-1024x768.jpg\" alt=\"\" data-id=\"5269\" data-full-url=\"http:\/\/derbildkomponist.de\/wp-content\/uploads\/2022\/12\/002-db_20220430_025.jpg\" data-link=\"http:\/\/derbildkomponist.de\/?attachment_id=5269\" class=\"wp-image-5269\" srcset=\"https:\/\/derbildkomponist.de\/wp-content\/uploads\/2022\/12\/002-db_20220430_025-1024x768.jpg 1024w, https:\/\/derbildkomponist.de\/wp-content\/uploads\/2022\/12\/002-db_20220430_025-300x225.jpg 300w, https:\/\/derbildkomponist.de\/wp-content\/uploads\/2022\/12\/002-db_20220430_025-768x576.jpg 768w, https:\/\/derbildkomponist.de\/wp-content\/uploads\/2022\/12\/002-db_20220430_025-1536x1152.jpg 1536w, https:\/\/derbildkomponist.de\/wp-content\/uploads\/2022\/12\/002-db_20220430_025-2000x1500.jpg 2000w, https:\/\/derbildkomponist.de\/wp-content\/uploads\/2022\/12\/002-db_20220430_025.jpg 2048w\" sizes=\"(max-width: 1024px) 100vw, 1024px\" \/><\/a><\/figure><\/li><li class=\"blocks-gallery-item\"><figure><a href=\"http:\/\/derbildkomponist.de\/wp-content\/uploads\/2022\/12\/003-db_20220930_036.jpg\"><img loading=\"lazy\" decoding=\"async\" width=\"1024\" height=\"768\" src=\"http:\/\/derbildkomponist.de\/wp-content\/uploads\/2022\/12\/003-db_20220930_036-1024x768.jpg\" alt=\"\" data-id=\"5270\" data-full-url=\"http:\/\/derbildkomponist.de\/wp-content\/uploads\/2022\/12\/003-db_20220930_036.jpg\" data-link=\"http:\/\/derbildkomponist.de\/?attachment_id=5270\" class=\"wp-image-5270\" srcset=\"https:\/\/derbildkomponist.de\/wp-content\/uploads\/2022\/12\/003-db_20220930_036-1024x768.jpg 1024w, https:\/\/derbildkomponist.de\/wp-content\/uploads\/2022\/12\/003-db_20220930_036-300x225.jpg 300w, https:\/\/derbildkomponist.de\/wp-content\/uploads\/2022\/12\/003-db_20220930_036-768x576.jpg 768w, https:\/\/derbildkomponist.de\/wp-content\/uploads\/2022\/12\/003-db_20220930_036-1536x1152.jpg 1536w, https:\/\/derbildkomponist.de\/wp-content\/uploads\/2022\/12\/003-db_20220930_036-2000x1500.jpg 2000w, https:\/\/derbildkomponist.de\/wp-content\/uploads\/2022\/12\/003-db_20220930_036.jpg 2048w\" sizes=\"(max-width: 1024px) 100vw, 1024px\" \/><\/a><\/figure><\/li><li class=\"blocks-gallery-item\"><figure><a href=\"http:\/\/derbildkomponist.de\/wp-content\/uploads\/2022\/12\/004-db_20220410_008-2.jpg\"><img loading=\"lazy\" decoding=\"async\" width=\"1024\" height=\"768\" src=\"http:\/\/derbildkomponist.de\/wp-content\/uploads\/2022\/12\/004-db_20220410_008-2-1024x768.jpg\" alt=\"\" data-id=\"5271\" data-full-url=\"http:\/\/derbildkomponist.de\/wp-content\/uploads\/2022\/12\/004-db_20220410_008-2.jpg\" data-link=\"http:\/\/derbildkomponist.de\/?attachment_id=5271\" class=\"wp-image-5271\" srcset=\"https:\/\/derbildkomponist.de\/wp-content\/uploads\/2022\/12\/004-db_20220410_008-2-1024x768.jpg 1024w, https:\/\/derbildkomponist.de\/wp-content\/uploads\/2022\/12\/004-db_20220410_008-2-300x225.jpg 300w, https:\/\/derbildkomponist.de\/wp-content\/uploads\/2022\/12\/004-db_20220410_008-2-768x576.jpg 768w, https:\/\/derbildkomponist.de\/wp-content\/uploads\/2022\/12\/004-db_20220410_008-2-1536x1152.jpg 1536w, https:\/\/derbildkomponist.de\/wp-content\/uploads\/2022\/12\/004-db_20220410_008-2-2000x1500.jpg 2000w, https:\/\/derbildkomponist.de\/wp-content\/uploads\/2022\/12\/004-db_20220410_008-2.jpg 2048w\" sizes=\"(max-width: 1024px) 100vw, 1024px\" \/><\/a><\/figure><\/li><li class=\"blocks-gallery-item\"><figure><a href=\"http:\/\/derbildkomponist.de\/wp-content\/uploads\/2022\/12\/005-db_20220424_017.jpg\"><img loading=\"lazy\" decoding=\"async\" width=\"1024\" height=\"768\" src=\"http:\/\/derbildkomponist.de\/wp-content\/uploads\/2022\/12\/005-db_20220424_017-1024x768.jpg\" alt=\"\" data-id=\"5272\" data-full-url=\"http:\/\/derbildkomponist.de\/wp-content\/uploads\/2022\/12\/005-db_20220424_017.jpg\" data-link=\"http:\/\/derbildkomponist.de\/?attachment_id=5272\" class=\"wp-image-5272\" srcset=\"https:\/\/derbildkomponist.de\/wp-content\/uploads\/2022\/12\/005-db_20220424_017-1024x768.jpg 1024w, https:\/\/derbildkomponist.de\/wp-content\/uploads\/2022\/12\/005-db_20220424_017-300x225.jpg 300w, https:\/\/derbildkomponist.de\/wp-content\/uploads\/2022\/12\/005-db_20220424_017-768x576.jpg 768w, https:\/\/derbildkomponist.de\/wp-content\/uploads\/2022\/12\/005-db_20220424_017-1536x1152.jpg 1536w, https:\/\/derbildkomponist.de\/wp-content\/uploads\/2022\/12\/005-db_20220424_017-2000x1500.jpg 2000w, https:\/\/derbildkomponist.de\/wp-content\/uploads\/2022\/12\/005-db_20220424_017.jpg 2048w\" sizes=\"(max-width: 1024px) 100vw, 1024px\" \/><\/a><\/figure><\/li><li class=\"blocks-gallery-item\"><figure><a href=\"http:\/\/derbildkomponist.de\/wp-content\/uploads\/2022\/12\/006-db_20220412_004-1.jpg\"><img loading=\"lazy\" decoding=\"async\" width=\"1024\" height=\"768\" src=\"http:\/\/derbildkomponist.de\/wp-content\/uploads\/2022\/12\/006-db_20220412_004-1-1024x768.jpg\" alt=\"\" data-id=\"5273\" data-full-url=\"http:\/\/derbildkomponist.de\/wp-content\/uploads\/2022\/12\/006-db_20220412_004-1.jpg\" data-link=\"http:\/\/derbildkomponist.de\/?attachment_id=5273\" class=\"wp-image-5273\" srcset=\"https:\/\/derbildkomponist.de\/wp-content\/uploads\/2022\/12\/006-db_20220412_004-1-1024x768.jpg 1024w, https:\/\/derbildkomponist.de\/wp-content\/uploads\/2022\/12\/006-db_20220412_004-1-300x225.jpg 300w, https:\/\/derbildkomponist.de\/wp-content\/uploads\/2022\/12\/006-db_20220412_004-1-768x576.jpg 768w, https:\/\/derbildkomponist.de\/wp-content\/uploads\/2022\/12\/006-db_20220412_004-1-1536x1152.jpg 1536w, https:\/\/derbildkomponist.de\/wp-content\/uploads\/2022\/12\/006-db_20220412_004-1-2000x1500.jpg 2000w, https:\/\/derbildkomponist.de\/wp-content\/uploads\/2022\/12\/006-db_20220412_004-1.jpg 2048w\" sizes=\"(max-width: 1024px) 100vw, 1024px\" \/><\/a><\/figure><\/li><\/ul><\/figure>\n\n\n\n<figure class=\"wp-block-image size-large\"><img loading=\"lazy\" decoding=\"async\" width=\"1024\" height=\"768\" src=\"http:\/\/derbildkomponist.de\/wp-content\/uploads\/2022\/12\/001-db_20220705_330-1024x768.jpg\" alt=\"\" class=\"wp-image-5274\" srcset=\"https:\/\/derbildkomponist.de\/wp-content\/uploads\/2022\/12\/001-db_20220705_330-1024x768.jpg 1024w, https:\/\/derbildkomponist.de\/wp-content\/uploads\/2022\/12\/001-db_20220705_330-300x225.jpg 300w, https:\/\/derbildkomponist.de\/wp-content\/uploads\/2022\/12\/001-db_20220705_330-768x576.jpg 768w, https:\/\/derbildkomponist.de\/wp-content\/uploads\/2022\/12\/001-db_20220705_330-1536x1152.jpg 1536w, https:\/\/derbildkomponist.de\/wp-content\/uploads\/2022\/12\/001-db_20220705_330-2000x1500.jpg 2000w, https:\/\/derbildkomponist.de\/wp-content\/uploads\/2022\/12\/001-db_20220705_330.jpg 2048w\" sizes=\"(max-width: 1024px) 100vw, 1024px\" \/><\/figure>\n\n\n\n<p>Inklusive dem 200-800mm mit dem ich 680 Fotos fotografiert habe und mit dem ich nat\u00fcrlich noch viel n\u00e4her ans Geschehen ran komme, auch wenn wie oben zu sehen, der Orang-Utan nicht fotografiert werden wollte und er mich sogar mit einem Stock beworfen hat, so scheint mir der h\u00f6here Brennweitenbereich ab 100mm fotografisch zu liegen. Gr\u00fcnde: man kann an das Motiv ran, ohne &#8222;l\u00e4stig&#8220; zu sein. Man kann das Motiv gut freistellen und mit Vorder- und Hintergrund  und Perspektiven spielen und trotzdem bei Bedarf auch ziemlich &#8222;nah&#8220; rankommen. Das geht schon fast in Richtung Makrobereich und zum &#8222;Bl\u00fcmchenknipsen&#8220;, wie meine Frau immer neckend sagt, ist es ebenfalls ideal.<\/p>\n\n\n\n<figure class=\"wp-block-image size-large\"><img loading=\"lazy\" decoding=\"async\" width=\"1024\" height=\"768\" src=\"http:\/\/derbildkomponist.de\/wp-content\/uploads\/2022\/12\/db_20220417_022-1024x768.jpg\" alt=\"\" class=\"wp-image-5296\" srcset=\"https:\/\/derbildkomponist.de\/wp-content\/uploads\/2022\/12\/db_20220417_022-1024x768.jpg 1024w, https:\/\/derbildkomponist.de\/wp-content\/uploads\/2022\/12\/db_20220417_022-300x225.jpg 300w, https:\/\/derbildkomponist.de\/wp-content\/uploads\/2022\/12\/db_20220417_022-768x576.jpg 768w, https:\/\/derbildkomponist.de\/wp-content\/uploads\/2022\/12\/db_20220417_022-1536x1152.jpg 1536w, https:\/\/derbildkomponist.de\/wp-content\/uploads\/2022\/12\/db_20220417_022-2000x1500.jpg 2000w, https:\/\/derbildkomponist.de\/wp-content\/uploads\/2022\/12\/db_20220417_022.jpg 2048w\" sizes=\"(max-width: 1024px) 100vw, 1024px\" \/><\/figure>\n\n\n\n<p>Das unbeobachtete Beobachten liegt mir anscheinend, es ist jedenfalls nicht so aufdringlich und wenn ich noch mehr ran will dann ist, wie auf dem 2.Platz, einfach mein 90mm\/Makro dran. Das wundert mich wiederum garnicht, geh\u00f6rt es doch auch noch in den Telebereich und ich fotografiere gerne Details, wie hier zu sehen:<\/p>\n\n\n\n<figure class=\"wp-block-gallery columns-1 is-cropped wp-block-gallery-2 is-layout-flex wp-block-gallery-is-layout-flex\"><ul class=\"blocks-gallery-grid\"><li class=\"blocks-gallery-item\"><figure><a href=\"http:\/\/derbildkomponist.de\/wp-content\/uploads\/2022\/12\/007-db_20220819_025.jpg\"><img loading=\"lazy\" decoding=\"async\" width=\"1024\" height=\"768\" src=\"http:\/\/derbildkomponist.de\/wp-content\/uploads\/2022\/12\/007-db_20220819_025-1024x768.jpg\" alt=\"\" data-id=\"5275\" data-full-url=\"http:\/\/derbildkomponist.de\/wp-content\/uploads\/2022\/12\/007-db_20220819_025.jpg\" data-link=\"http:\/\/derbildkomponist.de\/?attachment_id=5275\" class=\"wp-image-5275\" srcset=\"https:\/\/derbildkomponist.de\/wp-content\/uploads\/2022\/12\/007-db_20220819_025-1024x768.jpg 1024w, https:\/\/derbildkomponist.de\/wp-content\/uploads\/2022\/12\/007-db_20220819_025-300x225.jpg 300w, https:\/\/derbildkomponist.de\/wp-content\/uploads\/2022\/12\/007-db_20220819_025-768x576.jpg 768w, https:\/\/derbildkomponist.de\/wp-content\/uploads\/2022\/12\/007-db_20220819_025-1536x1152.jpg 1536w, https:\/\/derbildkomponist.de\/wp-content\/uploads\/2022\/12\/007-db_20220819_025-2000x1500.jpg 2000w, https:\/\/derbildkomponist.de\/wp-content\/uploads\/2022\/12\/007-db_20220819_025.jpg 2048w\" sizes=\"(max-width: 1024px) 100vw, 1024px\" \/><\/a><\/figure><\/li><li class=\"blocks-gallery-item\"><figure><a href=\"http:\/\/derbildkomponist.de\/wp-content\/uploads\/2022\/12\/008-db_20220903_124.jpg\"><img loading=\"lazy\" decoding=\"async\" width=\"1024\" height=\"768\" src=\"http:\/\/derbildkomponist.de\/wp-content\/uploads\/2022\/12\/008-db_20220903_124-1024x768.jpg\" alt=\"\" data-id=\"5276\" data-full-url=\"http:\/\/derbildkomponist.de\/wp-content\/uploads\/2022\/12\/008-db_20220903_124.jpg\" data-link=\"http:\/\/derbildkomponist.de\/?attachment_id=5276\" class=\"wp-image-5276\" srcset=\"https:\/\/derbildkomponist.de\/wp-content\/uploads\/2022\/12\/008-db_20220903_124-1024x768.jpg 1024w, https:\/\/derbildkomponist.de\/wp-content\/uploads\/2022\/12\/008-db_20220903_124-300x225.jpg 300w, https:\/\/derbildkomponist.de\/wp-content\/uploads\/2022\/12\/008-db_20220903_124-768x576.jpg 768w, https:\/\/derbildkomponist.de\/wp-content\/uploads\/2022\/12\/008-db_20220903_124-1536x1152.jpg 1536w, https:\/\/derbildkomponist.de\/wp-content\/uploads\/2022\/12\/008-db_20220903_124-2000x1500.jpg 2000w, https:\/\/derbildkomponist.de\/wp-content\/uploads\/2022\/12\/008-db_20220903_124.jpg 2048w\" sizes=\"(max-width: 1024px) 100vw, 1024px\" \/><\/a><\/figure><\/li><li class=\"blocks-gallery-item\"><figure><a href=\"http:\/\/derbildkomponist.de\/wp-content\/uploads\/2022\/12\/012-db_20220210_078.jpg\"><img loading=\"lazy\" decoding=\"async\" width=\"1024\" height=\"768\" src=\"http:\/\/derbildkomponist.de\/wp-content\/uploads\/2022\/12\/012-db_20220210_078-1024x768.jpg\" alt=\"\" data-id=\"5277\" data-full-url=\"http:\/\/derbildkomponist.de\/wp-content\/uploads\/2022\/12\/012-db_20220210_078.jpg\" data-link=\"http:\/\/derbildkomponist.de\/?attachment_id=5277\" class=\"wp-image-5277\" srcset=\"https:\/\/derbildkomponist.de\/wp-content\/uploads\/2022\/12\/012-db_20220210_078-1024x768.jpg 1024w, https:\/\/derbildkomponist.de\/wp-content\/uploads\/2022\/12\/012-db_20220210_078-300x225.jpg 300w, https:\/\/derbildkomponist.de\/wp-content\/uploads\/2022\/12\/012-db_20220210_078-768x576.jpg 768w, https:\/\/derbildkomponist.de\/wp-content\/uploads\/2022\/12\/012-db_20220210_078-1536x1152.jpg 1536w, https:\/\/derbildkomponist.de\/wp-content\/uploads\/2022\/12\/012-db_20220210_078-2000x1500.jpg 2000w, https:\/\/derbildkomponist.de\/wp-content\/uploads\/2022\/12\/012-db_20220210_078.jpg 2048w\" sizes=\"(max-width: 1024px) 100vw, 1024px\" \/><\/a><\/figure><\/li><\/ul><\/figure>\n\n\n\n<p>Auf Platz 3 folgt gar kein Objektiv sondern meine schon 7 Jahre &#8222;alte&#8220; Sony R100III. Auch das h\u00e4tte ich mir denken k\u00f6nnen, weil ich diese Kamera eigentlich immer(noch) gerne dabei habe und die mit dem Zoombereich von 24-70mm viele Motivm\u00f6glichkeiten abdeckt. Ich kann sehr nah an das Motiv ran, aber trotzdem viel Umgebung drauf bekommen. Auch da habe ich ein paar Beispiele f\u00fcr euch:<\/p>\n\n\n\n<figure class=\"wp-block-gallery columns-1 is-cropped wp-block-gallery-3 is-layout-flex wp-block-gallery-is-layout-flex\"><ul class=\"blocks-gallery-grid\"><li class=\"blocks-gallery-item\"><figure><a href=\"http:\/\/derbildkomponist.de\/wp-content\/uploads\/2022\/12\/015-db_20220731_051.jpg\"><img loading=\"lazy\" decoding=\"async\" width=\"1024\" height=\"768\" src=\"http:\/\/derbildkomponist.de\/wp-content\/uploads\/2022\/12\/015-db_20220731_051-1024x768.jpg\" alt=\"\" data-id=\"5278\" data-full-url=\"http:\/\/derbildkomponist.de\/wp-content\/uploads\/2022\/12\/015-db_20220731_051.jpg\" data-link=\"http:\/\/derbildkomponist.de\/?attachment_id=5278\" class=\"wp-image-5278\" srcset=\"https:\/\/derbildkomponist.de\/wp-content\/uploads\/2022\/12\/015-db_20220731_051-1024x768.jpg 1024w, https:\/\/derbildkomponist.de\/wp-content\/uploads\/2022\/12\/015-db_20220731_051-300x225.jpg 300w, https:\/\/derbildkomponist.de\/wp-content\/uploads\/2022\/12\/015-db_20220731_051-768x576.jpg 768w, https:\/\/derbildkomponist.de\/wp-content\/uploads\/2022\/12\/015-db_20220731_051-1536x1152.jpg 1536w, https:\/\/derbildkomponist.de\/wp-content\/uploads\/2022\/12\/015-db_20220731_051-2000x1500.jpg 2000w, https:\/\/derbildkomponist.de\/wp-content\/uploads\/2022\/12\/015-db_20220731_051.jpg 2048w\" sizes=\"(max-width: 1024px) 100vw, 1024px\" \/><\/a><\/figure><\/li><li class=\"blocks-gallery-item\"><figure><a href=\"http:\/\/derbildkomponist.de\/wp-content\/uploads\/2022\/12\/016-db_20220819_016.jpg\"><img loading=\"lazy\" decoding=\"async\" width=\"1024\" height=\"683\" src=\"http:\/\/derbildkomponist.de\/wp-content\/uploads\/2022\/12\/016-db_20220819_016-1024x683.jpg\" alt=\"\" data-id=\"5279\" data-full-url=\"http:\/\/derbildkomponist.de\/wp-content\/uploads\/2022\/12\/016-db_20220819_016.jpg\" data-link=\"http:\/\/derbildkomponist.de\/?attachment_id=5279\" class=\"wp-image-5279\" srcset=\"https:\/\/derbildkomponist.de\/wp-content\/uploads\/2022\/12\/016-db_20220819_016-1024x683.jpg 1024w, https:\/\/derbildkomponist.de\/wp-content\/uploads\/2022\/12\/016-db_20220819_016-300x200.jpg 300w, https:\/\/derbildkomponist.de\/wp-content\/uploads\/2022\/12\/016-db_20220819_016-768x512.jpg 768w, https:\/\/derbildkomponist.de\/wp-content\/uploads\/2022\/12\/016-db_20220819_016-1536x1024.jpg 1536w, https:\/\/derbildkomponist.de\/wp-content\/uploads\/2022\/12\/016-db_20220819_016-2000x1333.jpg 2000w, https:\/\/derbildkomponist.de\/wp-content\/uploads\/2022\/12\/016-db_20220819_016.jpg 2048w\" sizes=\"(max-width: 1024px) 100vw, 1024px\" \/><\/a><\/figure><\/li><li class=\"blocks-gallery-item\"><figure><a href=\"http:\/\/derbildkomponist.de\/wp-content\/uploads\/2022\/12\/017-db_20220303_077.jpg\"><img loading=\"lazy\" decoding=\"async\" width=\"1024\" height=\"768\" src=\"http:\/\/derbildkomponist.de\/wp-content\/uploads\/2022\/12\/017-db_20220303_077-1024x768.jpg\" alt=\"\" data-id=\"5280\" data-full-url=\"http:\/\/derbildkomponist.de\/wp-content\/uploads\/2022\/12\/017-db_20220303_077.jpg\" data-link=\"http:\/\/derbildkomponist.de\/?attachment_id=5280\" class=\"wp-image-5280\" srcset=\"https:\/\/derbildkomponist.de\/wp-content\/uploads\/2022\/12\/017-db_20220303_077-1024x768.jpg 1024w, https:\/\/derbildkomponist.de\/wp-content\/uploads\/2022\/12\/017-db_20220303_077-300x225.jpg 300w, https:\/\/derbildkomponist.de\/wp-content\/uploads\/2022\/12\/017-db_20220303_077-768x576.jpg 768w, https:\/\/derbildkomponist.de\/wp-content\/uploads\/2022\/12\/017-db_20220303_077-1536x1152.jpg 1536w, https:\/\/derbildkomponist.de\/wp-content\/uploads\/2022\/12\/017-db_20220303_077-2000x1500.jpg 2000w, https:\/\/derbildkomponist.de\/wp-content\/uploads\/2022\/12\/017-db_20220303_077.jpg 2048w\" sizes=\"(max-width: 1024px) 100vw, 1024px\" \/><\/a><\/figure><\/li><\/ul><\/figure>\n\n\n\n<p>Auf dem letzten Platz landete \u00fcbrigens mein 50mm-Objektiv, eigentlich <strong>die <\/strong>Standartbrennweite, die ich mir nat\u00fcrlich auch standartm\u00e4\u00dfig gekauft hatte, aber dies scheint so garnicht meine Brennweite bzw. mein Objektiv zu sein. Gerade mal 8 Fotos habe ich damit in meiner Sammlung. <\/p>\n\n\n\n<figure class=\"wp-block-image size-large\"><img loading=\"lazy\" decoding=\"async\" width=\"1024\" height=\"768\" src=\"http:\/\/derbildkomponist.de\/wp-content\/uploads\/2022\/12\/db_20220619_041-1024x768.jpg\" alt=\"\" class=\"wp-image-5297\" srcset=\"https:\/\/derbildkomponist.de\/wp-content\/uploads\/2022\/12\/db_20220619_041-1024x768.jpg 1024w, https:\/\/derbildkomponist.de\/wp-content\/uploads\/2022\/12\/db_20220619_041-300x225.jpg 300w, https:\/\/derbildkomponist.de\/wp-content\/uploads\/2022\/12\/db_20220619_041-768x576.jpg 768w, https:\/\/derbildkomponist.de\/wp-content\/uploads\/2022\/12\/db_20220619_041-1536x1152.jpg 1536w, https:\/\/derbildkomponist.de\/wp-content\/uploads\/2022\/12\/db_20220619_041-2000x1500.jpg 2000w, https:\/\/derbildkomponist.de\/wp-content\/uploads\/2022\/12\/db_20220619_041.jpg 2048w\" sizes=\"(max-width: 1024px) 100vw, 1024px\" \/><\/figure>\n\n\n\n<p>Ein Grund: die Naheinstellgrenze ist nicht so gut f\u00fcr interessante Perspektiven. Obiges Foto bildet da vielleicht eine Ausnahme, aber die Sch\u00e4rfe liegt da eben auch weiter hinten und das Objektiv war f\u00fcr dieses Motiv genau richtig. \u00dcbrigens garnicht so einfach, meinen Blick beim Bratschespielen mit der Kamera selbst einzufangen. Den Bogen habe ich irgendwie zwischen die Beine geklemmt, die Kamera ans Auge und dann die Bratsche so gehalten, dass es aussieht als w\u00fcrde ich gerade spielen&#8230;<\/p>\n\n\n\n<p>Viel lieber nutze ich das 30mm-Objektiv, mit dem ich mehr als 730 Fotos gemacht habe. Man nennt sie ja auch die Reportagebrennweite, was die nachfolgenden Fotos zeigen:<\/p>\n\n\n\n<figure class=\"wp-block-gallery columns-1 is-cropped wp-block-gallery-4 is-layout-flex wp-block-gallery-is-layout-flex\"><ul class=\"blocks-gallery-grid\"><li class=\"blocks-gallery-item\"><figure><a href=\"http:\/\/derbildkomponist.de\/wp-content\/uploads\/2022\/12\/009-db_20220207_033.jpg\"><img loading=\"lazy\" decoding=\"async\" width=\"1024\" height=\"768\" src=\"http:\/\/derbildkomponist.de\/wp-content\/uploads\/2022\/12\/009-db_20220207_033-1024x768.jpg\" alt=\"\" data-id=\"5281\" data-full-url=\"http:\/\/derbildkomponist.de\/wp-content\/uploads\/2022\/12\/009-db_20220207_033.jpg\" data-link=\"http:\/\/derbildkomponist.de\/?attachment_id=5281\" class=\"wp-image-5281\" srcset=\"https:\/\/derbildkomponist.de\/wp-content\/uploads\/2022\/12\/009-db_20220207_033-1024x768.jpg 1024w, https:\/\/derbildkomponist.de\/wp-content\/uploads\/2022\/12\/009-db_20220207_033-300x225.jpg 300w, https:\/\/derbildkomponist.de\/wp-content\/uploads\/2022\/12\/009-db_20220207_033-768x576.jpg 768w, https:\/\/derbildkomponist.de\/wp-content\/uploads\/2022\/12\/009-db_20220207_033-1536x1152.jpg 1536w, https:\/\/derbildkomponist.de\/wp-content\/uploads\/2022\/12\/009-db_20220207_033-2000x1500.jpg 2000w, https:\/\/derbildkomponist.de\/wp-content\/uploads\/2022\/12\/009-db_20220207_033.jpg 2048w\" sizes=\"(max-width: 1024px) 100vw, 1024px\" \/><\/a><\/figure><\/li><li class=\"blocks-gallery-item\"><figure><a href=\"http:\/\/derbildkomponist.de\/wp-content\/uploads\/2022\/12\/010-db_20220524_014-1536x1152-1.jpg\"><img loading=\"lazy\" decoding=\"async\" width=\"1024\" height=\"768\" src=\"http:\/\/derbildkomponist.de\/wp-content\/uploads\/2022\/12\/010-db_20220524_014-1536x1152-1-1024x768.jpg\" alt=\"\" data-id=\"5282\" data-full-url=\"http:\/\/derbildkomponist.de\/wp-content\/uploads\/2022\/12\/010-db_20220524_014-1536x1152-1.jpg\" data-link=\"http:\/\/derbildkomponist.de\/?attachment_id=5282\" class=\"wp-image-5282\" srcset=\"https:\/\/derbildkomponist.de\/wp-content\/uploads\/2022\/12\/010-db_20220524_014-1536x1152-1-1024x768.jpg 1024w, https:\/\/derbildkomponist.de\/wp-content\/uploads\/2022\/12\/010-db_20220524_014-1536x1152-1-300x225.jpg 300w, https:\/\/derbildkomponist.de\/wp-content\/uploads\/2022\/12\/010-db_20220524_014-1536x1152-1-768x576.jpg 768w, https:\/\/derbildkomponist.de\/wp-content\/uploads\/2022\/12\/010-db_20220524_014-1536x1152-1-1536x1152.jpg 1536w, https:\/\/derbildkomponist.de\/wp-content\/uploads\/2022\/12\/010-db_20220524_014-1536x1152-1-2000x1500.jpg 2000w, https:\/\/derbildkomponist.de\/wp-content\/uploads\/2022\/12\/010-db_20220524_014-1536x1152-1.jpg 2048w\" sizes=\"(max-width: 1024px) 100vw, 1024px\" \/><\/a><\/figure><\/li><li class=\"blocks-gallery-item\"><figure><a href=\"http:\/\/derbildkomponist.de\/wp-content\/uploads\/2022\/12\/011-db_20220725_001.jpg\"><img loading=\"lazy\" decoding=\"async\" width=\"1024\" height=\"768\" src=\"http:\/\/derbildkomponist.de\/wp-content\/uploads\/2022\/12\/011-db_20220725_001-1024x768.jpg\" alt=\"\" data-id=\"5283\" data-full-url=\"http:\/\/derbildkomponist.de\/wp-content\/uploads\/2022\/12\/011-db_20220725_001.jpg\" data-link=\"http:\/\/derbildkomponist.de\/?attachment_id=5283\" class=\"wp-image-5283\" srcset=\"https:\/\/derbildkomponist.de\/wp-content\/uploads\/2022\/12\/011-db_20220725_001-1024x768.jpg 1024w, https:\/\/derbildkomponist.de\/wp-content\/uploads\/2022\/12\/011-db_20220725_001-300x225.jpg 300w, https:\/\/derbildkomponist.de\/wp-content\/uploads\/2022\/12\/011-db_20220725_001-768x576.jpg 768w, https:\/\/derbildkomponist.de\/wp-content\/uploads\/2022\/12\/011-db_20220725_001-1536x1152.jpg 1536w, https:\/\/derbildkomponist.de\/wp-content\/uploads\/2022\/12\/011-db_20220725_001-2000x1500.jpg 2000w, https:\/\/derbildkomponist.de\/wp-content\/uploads\/2022\/12\/011-db_20220725_001.jpg 2048w\" sizes=\"(max-width: 1024px) 100vw, 1024px\" \/><\/a><\/figure><\/li><\/ul><\/figure>\n\n\n\n<p>Apropos Reportage: Neulich habe ich auf einer Weihnachtsfeier fotografiert und da das Licht dort besonders schlecht war, habe ich nur zwei lichtstarke Festbrennweiten genutzt, mein 30mm\/f1,7 und mein neues 150mm\/f1,8. Davon kann ich leider nichts zeigen, aber ich habe festgestellt: die beiden Objektive reichen eigentlich f\u00fcr solche Anl\u00e4sse v\u00f6llig aus, man muss sich mehr bewegen, aber die Fotografie mit Offenblende macht ein sch\u00f6nes Bokeh f\u00fcr die Personenfotografie. Das 150er f\u00e4llt noch durch die Statistik, weil ich es relativ neu habe. Das Kreuzwegfoto war eines der ersten Fotos, die ich mit dem neuen Objektiv gemacht habe und soll ein Beispielfoto f\u00fcr diese Optik sein:<\/p>\n\n\n\n<figure class=\"wp-block-image size-large\"><img loading=\"lazy\" decoding=\"async\" width=\"1024\" height=\"768\" src=\"http:\/\/derbildkomponist.de\/wp-content\/uploads\/2022\/12\/db_20220724_049-1024x768.jpg\" alt=\"\" class=\"wp-image-5299\" srcset=\"https:\/\/derbildkomponist.de\/wp-content\/uploads\/2022\/12\/db_20220724_049-1024x768.jpg 1024w, https:\/\/derbildkomponist.de\/wp-content\/uploads\/2022\/12\/db_20220724_049-300x225.jpg 300w, https:\/\/derbildkomponist.de\/wp-content\/uploads\/2022\/12\/db_20220724_049-768x576.jpg 768w, https:\/\/derbildkomponist.de\/wp-content\/uploads\/2022\/12\/db_20220724_049-1536x1152.jpg 1536w, https:\/\/derbildkomponist.de\/wp-content\/uploads\/2022\/12\/db_20220724_049-2000x1500.jpg 2000w, https:\/\/derbildkomponist.de\/wp-content\/uploads\/2022\/12\/db_20220724_049.jpg 2048w\" sizes=\"(max-width: 1024px) 100vw, 1024px\" \/><\/figure>\n\n\n\n<p>Gerne nutze ich auch mein Superweitwinkelzoom von 14-28mm(\u00fcber 400 Fotos), mit dem man in R\u00e4umen gut alles wiedergeben und ungew\u00f6hnliche Perspektiven entdecken kann, auch in der Natur:<\/p>\n\n\n\n<figure class=\"wp-block-image size-large\"><img loading=\"lazy\" decoding=\"async\" width=\"1024\" height=\"768\" src=\"http:\/\/derbildkomponist.de\/wp-content\/uploads\/2022\/12\/001-db_20220909_004-2-1024x768.jpg\" alt=\"\" class=\"wp-image-5286\" srcset=\"https:\/\/derbildkomponist.de\/wp-content\/uploads\/2022\/12\/001-db_20220909_004-2-1024x768.jpg 1024w, https:\/\/derbildkomponist.de\/wp-content\/uploads\/2022\/12\/001-db_20220909_004-2-300x225.jpg 300w, https:\/\/derbildkomponist.de\/wp-content\/uploads\/2022\/12\/001-db_20220909_004-2-768x576.jpg 768w, https:\/\/derbildkomponist.de\/wp-content\/uploads\/2022\/12\/001-db_20220909_004-2-1536x1152.jpg 1536w, https:\/\/derbildkomponist.de\/wp-content\/uploads\/2022\/12\/001-db_20220909_004-2-2000x1500.jpg 2000w, https:\/\/derbildkomponist.de\/wp-content\/uploads\/2022\/12\/001-db_20220909_004-2.jpg 2048w\" sizes=\"(max-width: 1024px) 100vw, 1024px\" \/><\/figure>\n\n\n\n<figure class=\"wp-block-gallery columns-1 is-cropped wp-block-gallery-5 is-layout-flex wp-block-gallery-is-layout-flex\"><ul class=\"blocks-gallery-grid\"><li class=\"blocks-gallery-item\"><figure><a href=\"http:\/\/derbildkomponist.de\/wp-content\/uploads\/2022\/12\/018-db_20220410_158.jpg\"><img loading=\"lazy\" decoding=\"async\" width=\"1024\" height=\"768\" src=\"http:\/\/derbildkomponist.de\/wp-content\/uploads\/2022\/12\/018-db_20220410_158-1024x768.jpg\" alt=\"\" data-id=\"5284\" data-full-url=\"http:\/\/derbildkomponist.de\/wp-content\/uploads\/2022\/12\/018-db_20220410_158.jpg\" data-link=\"http:\/\/derbildkomponist.de\/?attachment_id=5284\" class=\"wp-image-5284\" srcset=\"https:\/\/derbildkomponist.de\/wp-content\/uploads\/2022\/12\/018-db_20220410_158-1024x768.jpg 1024w, https:\/\/derbildkomponist.de\/wp-content\/uploads\/2022\/12\/018-db_20220410_158-300x225.jpg 300w, https:\/\/derbildkomponist.de\/wp-content\/uploads\/2022\/12\/018-db_20220410_158-768x576.jpg 768w, https:\/\/derbildkomponist.de\/wp-content\/uploads\/2022\/12\/018-db_20220410_158-1536x1152.jpg 1536w, https:\/\/derbildkomponist.de\/wp-content\/uploads\/2022\/12\/018-db_20220410_158-2000x1500.jpg 2000w, https:\/\/derbildkomponist.de\/wp-content\/uploads\/2022\/12\/018-db_20220410_158.jpg 2048w\" sizes=\"(max-width: 1024px) 100vw, 1024px\" \/><\/a><\/figure><\/li><li class=\"blocks-gallery-item\"><figure><a href=\"http:\/\/derbildkomponist.de\/wp-content\/uploads\/2022\/12\/019-db_20221001_034.jpg\"><img loading=\"lazy\" decoding=\"async\" width=\"1024\" height=\"768\" src=\"http:\/\/derbildkomponist.de\/wp-content\/uploads\/2022\/12\/019-db_20221001_034-1024x768.jpg\" alt=\"\" data-id=\"5285\" data-full-url=\"http:\/\/derbildkomponist.de\/wp-content\/uploads\/2022\/12\/019-db_20221001_034.jpg\" data-link=\"http:\/\/derbildkomponist.de\/?attachment_id=5285\" class=\"wp-image-5285\" srcset=\"https:\/\/derbildkomponist.de\/wp-content\/uploads\/2022\/12\/019-db_20221001_034-1024x768.jpg 1024w, https:\/\/derbildkomponist.de\/wp-content\/uploads\/2022\/12\/019-db_20221001_034-300x225.jpg 300w, https:\/\/derbildkomponist.de\/wp-content\/uploads\/2022\/12\/019-db_20221001_034-768x576.jpg 768w, https:\/\/derbildkomponist.de\/wp-content\/uploads\/2022\/12\/019-db_20221001_034-1536x1152.jpg 1536w, https:\/\/derbildkomponist.de\/wp-content\/uploads\/2022\/12\/019-db_20221001_034-2000x1500.jpg 2000w, https:\/\/derbildkomponist.de\/wp-content\/uploads\/2022\/12\/019-db_20221001_034.jpg 2048w\" sizes=\"(max-width: 1024px) 100vw, 1024px\" \/><\/a><\/figure><\/li><\/ul><\/figure>\n\n\n\n<p>Mein Fazit: Nat\u00fcrlich mache ich auch Fotos im 50mm-Bereich und ich nutze auch ein Standartzoom von 24-120mm(440 Fotos), aber statistisch bin ich wohl gerne im Telebereich unterwegs und nicht nur statistisch&#8230; Was sich aber auch zeigt, dass ich Phasen habe, in denen ich dann gerne nur ganz &#8222;einfach&#8220; unterwegs bin, mit einer Festbrennweite und nicht mehr und dann sehe ich halt mehr Motive f\u00fcr nur diese Festbrennweite. Und: man wird bei dieser &#8222;Reduktion&#8220; kreativ&#8230;! Das passiert oft auf den Gassirunden, dieses Jahr vielfach die einzige Zeit, mit der Kamera etwas zu machen. Au\u00dferdem hat dieses Jahr bei mir sw viel mehr dominiert als in den vergangenen Jahren, was immer das wieder zu bedeuten hat. Schwappt da meine &#8222;alte&#8220; analoge Zeit r\u00fcber? Das \u00fcberlasse ich der Zeit und vielleicht einem weiteren Blogbeitrag und anderen bzw. euch, dies zu beurteilen. Dazu kann gerne die Kommentarfunktion genutzt werden, ich freue mich \u00fcber jede Zuschrift und anregendem Austausch, was ihr denn so an Lieblingsobjektiven habt.<\/p>\n\n\n\n<p>Noch etwas Statistik bei meinen &#8222;besten&#8220; Fotos, die 1-5 Sterne bekommen haben, die Tendenz ist also auch hier eindeutig und best\u00e4tigt meine Reihenfolge:<\/p>\n\n\n\n<p>100-800mm &#8211; 838 Fotos<\/p>\n\n\n\n<p>90mm &#8211; 188 Fotos<\/p>\n\n\n\n<p>15mm &#8211; 201 Fotos<\/p>\n\n\n\n<p>14-28mm &#8211; 142 Fotos<\/p>\n\n\n\n<p>24-120mm &#8211; 127 Fotos<\/p>\n\n\n\n<p>Sony 24-70mm &#8211; 208 Fotos<\/p>\n\n\n\n<p>Ach, und eines meiner Lieblingsfotos aus 2022 ist mit dem Handy gemacht&#8230;! Trotzdem fotografiere ich damit immer noch sehr &#8222;ungern&#8220;, aber es zeigt mich bei einer Hundegassigehfotografierrunde:<\/p>\n\n\n\n<figure class=\"wp-block-image size-large\"><img loading=\"lazy\" decoding=\"async\" width=\"1024\" height=\"1024\" src=\"http:\/\/derbildkomponist.de\/wp-content\/uploads\/2022\/12\/IMG_20220418_121751-01-1024x1024.jpg\" alt=\"\" class=\"wp-image-5303\" srcset=\"https:\/\/derbildkomponist.de\/wp-content\/uploads\/2022\/12\/IMG_20220418_121751-01-1024x1024.jpg 1024w, https:\/\/derbildkomponist.de\/wp-content\/uploads\/2022\/12\/IMG_20220418_121751-01-300x300.jpg 300w, https:\/\/derbildkomponist.de\/wp-content\/uploads\/2022\/12\/IMG_20220418_121751-01-150x150.jpg 150w, https:\/\/derbildkomponist.de\/wp-content\/uploads\/2022\/12\/IMG_20220418_121751-01-768x768.jpg 768w, https:\/\/derbildkomponist.de\/wp-content\/uploads\/2022\/12\/IMG_20220418_121751-01-1536x1536.jpg 1536w, https:\/\/derbildkomponist.de\/wp-content\/uploads\/2022\/12\/IMG_20220418_121751-01.jpg 2048w, https:\/\/derbildkomponist.de\/wp-content\/uploads\/2022\/12\/IMG_20220418_121751-01-2000x2000.jpg 2000w\" sizes=\"(max-width: 1024px) 100vw, 1024px\" \/><figcaption><strong><span class=\"has-inline-color has-pale-cyan-blue-color\">&#8222;Kamera und Hund an der Leine&#8220; &#8211; so bin ich u.a. unterwegs bei meinen Hundegassiundfotografierrunden, die ich mit dem hastag #alltagknipserei versammelt habe.<\/span><\/strong><\/figcaption><\/figure>\n\n\n\n<p><\/p>\n","protected":false},"excerpt":{"rendered":"<p> &hellip;<\/p>\n","protected":false},"author":1,"featured_media":5294,"comment_status":"open","ping_status":"open","sticky":false,"template":"","format":"standard","meta":{"ngg_post_thumbnail":0,"jetpack_post_was_ever_published":false,"_jetpack_newsletter_access":"","_jetpack_newsletter_tier_id":0,"footnotes":""},"categories":[4,8],"tags":[],"jetpack_sharing_enabled":true,"jetpack_featured_media_url":"https:\/\/derbildkomponist.de\/wp-content\/uploads\/2022\/12\/db_20221225_011-2.jpg","_links":{"self":[{"href":"https:\/\/derbildkomponist.de\/index.php?rest_route=\/wp\/v2\/posts\/5266"}],"collection":[{"href":"https:\/\/derbildkomponist.de\/index.php?rest_route=\/wp\/v2\/posts"}],"about":[{"href":"https:\/\/derbildkomponist.de\/index.php?rest_route=\/wp\/v2\/types\/post"}],"author":[{"embeddable":true,"href":"https:\/\/derbildkomponist.de\/index.php?rest_route=\/wp\/v2\/users\/1"}],"replies":[{"embeddable":true,"href":"https:\/\/derbildkomponist.de\/index.php?rest_route=%2Fwp%2Fv2%2Fcomments&post=5266"}],"version-history":[{"count":16,"href":"https:\/\/derbildkomponist.de\/index.php?rest_route=\/wp\/v2\/posts\/5266\/revisions"}],"predecessor-version":[{"id":5308,"href":"https:\/\/derbildkomponist.de\/index.php?rest_route=\/wp\/v2\/posts\/5266\/revisions\/5308"}],"wp:featuredmedia":[{"embeddable":true,"href":"https:\/\/derbildkomponist.de\/index.php?rest_route=\/wp\/v2\/media\/5294"}],"wp:attachment":[{"href":"https:\/\/derbildkomponist.de\/index.php?rest_route=%2Fwp%2Fv2%2Fmedia&parent=5266"}],"wp:term":[{"taxonomy":"category","embeddable":true,"href":"https:\/\/derbildkomponist.de\/index.php?rest_route=%2Fwp%2Fv2%2Fcategories&post=5266"},{"taxonomy":"post_tag","embeddable":true,"href":"https:\/\/derbildkomponist.de\/index.php?rest_route=%2Fwp%2Fv2%2Ftags&post=5266"}],"curies":[{"name":"wp","href":"https:\/\/api.w.org\/{rel}","templated":true}]}}