{"id":5401,"date":"2023-01-03T19:12:28","date_gmt":"2023-01-03T19:12:28","guid":{"rendered":"http:\/\/derbildkomponist.de\/?p=5401"},"modified":"2023-01-03T19:12:28","modified_gmt":"2023-01-03T19:12:28","slug":"12-aus-52-aus-3xx","status":"publish","type":"post","link":"https:\/\/derbildkomponist.de\/?p=5401","title":{"rendered":"12 aus 52 aus 3xx"},"content":{"rendered":"\n<p>Mein 365-Tage-Projekt habe ich erst Ende M\u00e4rz 2022 gestartet und so m\u00fcsste\/d\u00fcrfte ich eigentlich erst in drei Monaten ein Res\u00fcmee ziehen. Da ich aber nat\u00fcrlich vorher schon fast jeden Tag Fotos gemacht habe, kann ich wenigsten einmal 52 Wochenfotos \u201eliefern\u201c und eben daraus aus jedem Monat auch ein\/mein Foto des Monats finden. Diese m\u00f6chte ich euch hier einmal pr\u00e4sentieren:<\/p>\n\n\n\n<figure class=\"wp-block-image size-large\"><a href=\"http:\/\/derbildkomponist.de\/wp-content\/uploads\/2023\/01\/001-db_20220109_014.jpg\"><img loading=\"lazy\" decoding=\"async\" width=\"1024\" height=\"768\" src=\"http:\/\/derbildkomponist.de\/wp-content\/uploads\/2023\/01\/001-db_20220109_014-1024x768.jpg\" alt=\"\" class=\"wp-image-5402\" srcset=\"https:\/\/derbildkomponist.de\/wp-content\/uploads\/2023\/01\/001-db_20220109_014-1024x768.jpg 1024w, https:\/\/derbildkomponist.de\/wp-content\/uploads\/2023\/01\/001-db_20220109_014-300x225.jpg 300w, https:\/\/derbildkomponist.de\/wp-content\/uploads\/2023\/01\/001-db_20220109_014-768x576.jpg 768w, https:\/\/derbildkomponist.de\/wp-content\/uploads\/2023\/01\/001-db_20220109_014-1536x1152.jpg 1536w, https:\/\/derbildkomponist.de\/wp-content\/uploads\/2023\/01\/001-db_20220109_014-2000x1500.jpg 2000w, https:\/\/derbildkomponist.de\/wp-content\/uploads\/2023\/01\/001-db_20220109_014.jpg 2048w\" sizes=\"(max-width: 1024px) 100vw, 1024px\" \/><\/a><\/figure>\n\n\n\n<p>Januar:<\/p>\n\n\n\n<p>Das Hufeisen als Gl\u00fcckssymbol fand ich an einer Br\u00fccke h\u00e4ngend gleich am Anfang des Jahres, nichts ahnend, was das Jahr mir\/uns noch alles an Leid bringen sollte. Das ist auch gut so, dies nicht zu wissen und ich sah es erst einmal als Motivation, das Leben positiv zu sehen und als guten Start ins Jahr. Was ich erst sp\u00e4ter erfahren habe dass das Hufeisen anders herum h\u00e4ngen muss, damit das Gl\u00fcck nicht rausf\u00e4llt\u2026<\/p>\n\n\n\n<figure class=\"wp-block-image size-large\"><a href=\"http:\/\/derbildkomponist.de\/wp-content\/uploads\/2023\/01\/002-db_20220207_014.jpg\"><img loading=\"lazy\" decoding=\"async\" width=\"1024\" height=\"768\" src=\"http:\/\/derbildkomponist.de\/wp-content\/uploads\/2023\/01\/002-db_20220207_014-1024x768.jpg\" alt=\"\" class=\"wp-image-5403\" srcset=\"https:\/\/derbildkomponist.de\/wp-content\/uploads\/2023\/01\/002-db_20220207_014-1024x768.jpg 1024w, https:\/\/derbildkomponist.de\/wp-content\/uploads\/2023\/01\/002-db_20220207_014-300x225.jpg 300w, https:\/\/derbildkomponist.de\/wp-content\/uploads\/2023\/01\/002-db_20220207_014-768x576.jpg 768w, https:\/\/derbildkomponist.de\/wp-content\/uploads\/2023\/01\/002-db_20220207_014-1536x1152.jpg 1536w, https:\/\/derbildkomponist.de\/wp-content\/uploads\/2023\/01\/002-db_20220207_014-2000x1500.jpg 2000w, https:\/\/derbildkomponist.de\/wp-content\/uploads\/2023\/01\/002-db_20220207_014.jpg 2048w\" sizes=\"(max-width: 1024px) 100vw, 1024px\" \/><\/a><\/figure>\n\n\n\n<p>Februar:<\/p>\n\n\n\n<p>\u201e20 Minuten Pause\u201c, das war im Februar eines meiner fotografischen Themen. Ich hatte mir vorgenommen, w\u00e4hrend meiner 20 Minuten Pausen im Dienst im Sinfonieorchester M\u00fcnster mit der Kamera durch\u2019s Orchester zu streifen und nach Motiven zu suchen. Dazu musste ich nat\u00fcrlich erst einmal meine Bratsche weg legen und so kann das dann fotografisch aussehen.<\/p>\n\n\n\n<figure class=\"wp-block-image size-large\"><a href=\"http:\/\/derbildkomponist.de\/wp-content\/uploads\/2023\/01\/003-db_20220311_013.jpg\"><img loading=\"lazy\" decoding=\"async\" width=\"1024\" height=\"768\" src=\"http:\/\/derbildkomponist.de\/wp-content\/uploads\/2023\/01\/003-db_20220311_013-1024x768.jpg\" alt=\"\" class=\"wp-image-5404\" srcset=\"https:\/\/derbildkomponist.de\/wp-content\/uploads\/2023\/01\/003-db_20220311_013-1024x768.jpg 1024w, https:\/\/derbildkomponist.de\/wp-content\/uploads\/2023\/01\/003-db_20220311_013-300x225.jpg 300w, https:\/\/derbildkomponist.de\/wp-content\/uploads\/2023\/01\/003-db_20220311_013-768x576.jpg 768w, https:\/\/derbildkomponist.de\/wp-content\/uploads\/2023\/01\/003-db_20220311_013-1536x1152.jpg 1536w, https:\/\/derbildkomponist.de\/wp-content\/uploads\/2023\/01\/003-db_20220311_013-2000x1500.jpg 2000w, https:\/\/derbildkomponist.de\/wp-content\/uploads\/2023\/01\/003-db_20220311_013.jpg 2048w\" sizes=\"(max-width: 1024px) 100vw, 1024px\" \/><\/a><\/figure>\n\n\n\n<p>M\u00e4rz<\/p>\n\n\n\n<p>Manche Motive brauchen Zeit und da ich immer eine Kamera dabei habe, war diese Motividee auf meinem Weg nach M\u00fcnster immer pr\u00e4sent, aber ich musste warten, bis die Sonne morgens einmal so stand, dass die \u201eFlickarbeiten\u201c auf der Stra\u00dfe so richtig leuchteten und zu mein Motiv wurde.<\/p>\n\n\n\n<figure class=\"wp-block-image size-large\"><a href=\"http:\/\/derbildkomponist.de\/wp-content\/uploads\/2023\/01\/004-IMG_20220418_121751-01.jpg\"><img loading=\"lazy\" decoding=\"async\" width=\"1024\" height=\"1024\" src=\"http:\/\/derbildkomponist.de\/wp-content\/uploads\/2023\/01\/004-IMG_20220418_121751-01-1024x1024.jpg\" alt=\"\" class=\"wp-image-5405\" srcset=\"https:\/\/derbildkomponist.de\/wp-content\/uploads\/2023\/01\/004-IMG_20220418_121751-01-1024x1024.jpg 1024w, https:\/\/derbildkomponist.de\/wp-content\/uploads\/2023\/01\/004-IMG_20220418_121751-01-300x300.jpg 300w, https:\/\/derbildkomponist.de\/wp-content\/uploads\/2023\/01\/004-IMG_20220418_121751-01-150x150.jpg 150w, https:\/\/derbildkomponist.de\/wp-content\/uploads\/2023\/01\/004-IMG_20220418_121751-01-768x768.jpg 768w, https:\/\/derbildkomponist.de\/wp-content\/uploads\/2023\/01\/004-IMG_20220418_121751-01-1536x1536.jpg 1536w, https:\/\/derbildkomponist.de\/wp-content\/uploads\/2023\/01\/004-IMG_20220418_121751-01.jpg 2048w, https:\/\/derbildkomponist.de\/wp-content\/uploads\/2023\/01\/004-IMG_20220418_121751-01-2000x2000.jpg 2000w\" sizes=\"(max-width: 1024px) 100vw, 1024px\" \/><\/a><\/figure>\n\n\n\n<p>April<\/p>\n\n\n\n<p>Der Monat, in dem ich in mein 365-Tage-Projekt eingestiegen bin und meine #alltagsknipserei bewusst aufgenommen habe. So war diese Alltagssituation mit Kamera und Hund als Schattenspiel eines meiner Liebligsmotive des Monats und es ist sogar \u201enur\u201c mit Handy fotografiert, was ich eigentlich gar nicht so gerne benutze. Hier ging es nur nicht anders\u2026<\/p>\n\n\n\n<figure class=\"wp-block-image size-large\"><a href=\"http:\/\/derbildkomponist.de\/wp-content\/uploads\/2023\/01\/005-db_20220515_005.jpg\"><img loading=\"lazy\" decoding=\"async\" width=\"1024\" height=\"768\" src=\"http:\/\/derbildkomponist.de\/wp-content\/uploads\/2023\/01\/005-db_20220515_005-1024x768.jpg\" alt=\"\" class=\"wp-image-5406\" srcset=\"https:\/\/derbildkomponist.de\/wp-content\/uploads\/2023\/01\/005-db_20220515_005-1024x768.jpg 1024w, https:\/\/derbildkomponist.de\/wp-content\/uploads\/2023\/01\/005-db_20220515_005-300x225.jpg 300w, https:\/\/derbildkomponist.de\/wp-content\/uploads\/2023\/01\/005-db_20220515_005-768x576.jpg 768w, https:\/\/derbildkomponist.de\/wp-content\/uploads\/2023\/01\/005-db_20220515_005-1536x1152.jpg 1536w, https:\/\/derbildkomponist.de\/wp-content\/uploads\/2023\/01\/005-db_20220515_005-2000x1500.jpg 2000w, https:\/\/derbildkomponist.de\/wp-content\/uploads\/2023\/01\/005-db_20220515_005.jpg 2048w\" sizes=\"(max-width: 1024px) 100vw, 1024px\" \/><\/a><\/figure>\n\n\n\n<p>Mai<\/p>\n\n\n\n<p>Kontraste und Muster, vor allem in sw wiederkehrenden Inspirationenquelle, hier mit Maschinen in die Natur gezeichnet.<\/p>\n\n\n\n<p>Juni<\/p>\n\n\n\n<figure class=\"wp-block-image size-large\"><a href=\"http:\/\/derbildkomponist.de\/wp-content\/uploads\/2023\/01\/006-db_20220623_039.jpg\"><img loading=\"lazy\" decoding=\"async\" width=\"768\" height=\"1024\" src=\"http:\/\/derbildkomponist.de\/wp-content\/uploads\/2023\/01\/006-db_20220623_039-768x1024.jpg\" alt=\"\" class=\"wp-image-5407\" srcset=\"https:\/\/derbildkomponist.de\/wp-content\/uploads\/2023\/01\/006-db_20220623_039-768x1024.jpg 768w, https:\/\/derbildkomponist.de\/wp-content\/uploads\/2023\/01\/006-db_20220623_039-225x300.jpg 225w, https:\/\/derbildkomponist.de\/wp-content\/uploads\/2023\/01\/006-db_20220623_039-1152x1536.jpg 1152w, https:\/\/derbildkomponist.de\/wp-content\/uploads\/2023\/01\/006-db_20220623_039.jpg 1536w\" sizes=\"(max-width: 768px) 100vw, 768px\" \/><\/a><\/figure>\n\n\n\n<p>Emotionelles Highlight war im Juni eindeutig das Abschiedskonzert meines Bruders als Fl\u00f6tist bei den Duisburgern. In der Mercatorhalle begegnet man als Publikum den MusikerInnen auf dem Weg zu ihrem Dienst und dieses Farbspiel mit Instrumentenkasten und Schild &#8211; ein sch\u00f6ner Schnappschu\u00df\u2026<\/p>\n\n\n\n<figure class=\"wp-block-image size-large\"><a href=\"http:\/\/derbildkomponist.de\/wp-content\/uploads\/2023\/01\/007-db_20220721_044.jpg\"><img loading=\"lazy\" decoding=\"async\" width=\"1024\" height=\"768\" src=\"http:\/\/derbildkomponist.de\/wp-content\/uploads\/2023\/01\/007-db_20220721_044-1024x768.jpg\" alt=\"\" class=\"wp-image-5408\" srcset=\"https:\/\/derbildkomponist.de\/wp-content\/uploads\/2023\/01\/007-db_20220721_044-1024x768.jpg 1024w, https:\/\/derbildkomponist.de\/wp-content\/uploads\/2023\/01\/007-db_20220721_044-300x225.jpg 300w, https:\/\/derbildkomponist.de\/wp-content\/uploads\/2023\/01\/007-db_20220721_044-768x576.jpg 768w, https:\/\/derbildkomponist.de\/wp-content\/uploads\/2023\/01\/007-db_20220721_044-1536x1152.jpg 1536w, https:\/\/derbildkomponist.de\/wp-content\/uploads\/2023\/01\/007-db_20220721_044-2000x1500.jpg 2000w, https:\/\/derbildkomponist.de\/wp-content\/uploads\/2023\/01\/007-db_20220721_044.jpg 2048w\" sizes=\"(max-width: 1024px) 100vw, 1024px\" \/><\/a><\/figure>\n\n\n\n<p>Juli<\/p>\n\n\n\n<p>\u201eWie wenn es einem den Boden unter den F\u00fc\u00dfen wegrei\u00dft\u201c Das war der Gedanke zur Krebsdiagnose meiner Frau im Juli und als ich ein paar Tage sp\u00e4ter mit dem Rad \u00fcber die A1 fuhr, waren die Gedanken wieder da, die Idee f\u00fcr ein passendes Motiv auch.<\/p>\n\n\n\n<figure class=\"wp-block-image size-large\"><a href=\"http:\/\/derbildkomponist.de\/wp-content\/uploads\/2023\/01\/008-db_20220822_011.jpg\"><img loading=\"lazy\" decoding=\"async\" width=\"1024\" height=\"683\" src=\"http:\/\/derbildkomponist.de\/wp-content\/uploads\/2023\/01\/008-db_20220822_011-1024x683.jpg\" alt=\"\" class=\"wp-image-5409\" srcset=\"https:\/\/derbildkomponist.de\/wp-content\/uploads\/2023\/01\/008-db_20220822_011-1024x683.jpg 1024w, https:\/\/derbildkomponist.de\/wp-content\/uploads\/2023\/01\/008-db_20220822_011-300x200.jpg 300w, https:\/\/derbildkomponist.de\/wp-content\/uploads\/2023\/01\/008-db_20220822_011-768x512.jpg 768w, https:\/\/derbildkomponist.de\/wp-content\/uploads\/2023\/01\/008-db_20220822_011-1536x1024.jpg 1536w, https:\/\/derbildkomponist.de\/wp-content\/uploads\/2023\/01\/008-db_20220822_011-2000x1333.jpg 2000w, https:\/\/derbildkomponist.de\/wp-content\/uploads\/2023\/01\/008-db_20220822_011.jpg 2048w\" sizes=\"(max-width: 1024px) 100vw, 1024px\" \/><\/a><\/figure>\n\n\n\n<p>August<\/p>\n\n\n\n<p>Er war fotografisch gepr\u00e4gt durch die Hunderunden hier in der direkten Umgebung oder die Fahrten in die Uniklinik, ersteres war mir besser als Motiv zur Ablenkung von unserer Alltagssituation geeignet und mit dem liebevoll dekorierten Hof hier in der direkten Nachbarschaft gelang dies vortrefflich.<\/p>\n\n\n\n<figure class=\"wp-block-image size-large\"><a href=\"http:\/\/derbildkomponist.de\/wp-content\/uploads\/2023\/01\/009-db_20220909_004-2.jpg\"><img loading=\"lazy\" decoding=\"async\" width=\"1024\" height=\"768\" src=\"http:\/\/derbildkomponist.de\/wp-content\/uploads\/2023\/01\/009-db_20220909_004-2-1024x768.jpg\" alt=\"\" class=\"wp-image-5410\" srcset=\"https:\/\/derbildkomponist.de\/wp-content\/uploads\/2023\/01\/009-db_20220909_004-2-1024x768.jpg 1024w, https:\/\/derbildkomponist.de\/wp-content\/uploads\/2023\/01\/009-db_20220909_004-2-300x225.jpg 300w, https:\/\/derbildkomponist.de\/wp-content\/uploads\/2023\/01\/009-db_20220909_004-2-768x576.jpg 768w, https:\/\/derbildkomponist.de\/wp-content\/uploads\/2023\/01\/009-db_20220909_004-2-1536x1152.jpg 1536w, https:\/\/derbildkomponist.de\/wp-content\/uploads\/2023\/01\/009-db_20220909_004-2-2000x1500.jpg 2000w, https:\/\/derbildkomponist.de\/wp-content\/uploads\/2023\/01\/009-db_20220909_004-2.jpg 2048w\" sizes=\"(max-width: 1024px) 100vw, 1024px\" \/><\/a><figcaption>&#8222;36 &#8211; Himmelsleiter&#8220; &#8211; von der K\u00fcnstlerin @billithanner in der Lambertikirche<\/figcaption><\/figure>\n\n\n\n<p>September<\/p>\n\n\n\n<p>Der Monat ging grad so weiter, aber ein Highlight war der kurze Abstecher nach M\u00fcnster, um die Himmelsleiter vom Billi Thanner zu sehen und wenigstens ein paar Fotos davon zu machen \u2013 beeindruckend.<\/p>\n\n\n\n<figure class=\"wp-block-image size-large\"><a href=\"http:\/\/derbildkomponist.de\/wp-content\/uploads\/2023\/01\/010-db_20221026_023.jpg\"><img loading=\"lazy\" decoding=\"async\" width=\"1024\" height=\"683\" src=\"http:\/\/derbildkomponist.de\/wp-content\/uploads\/2023\/01\/010-db_20221026_023-1024x683.jpg\" alt=\"\" class=\"wp-image-5411\" srcset=\"https:\/\/derbildkomponist.de\/wp-content\/uploads\/2023\/01\/010-db_20221026_023-1024x683.jpg 1024w, https:\/\/derbildkomponist.de\/wp-content\/uploads\/2023\/01\/010-db_20221026_023-300x200.jpg 300w, https:\/\/derbildkomponist.de\/wp-content\/uploads\/2023\/01\/010-db_20221026_023-768x512.jpg 768w, https:\/\/derbildkomponist.de\/wp-content\/uploads\/2023\/01\/010-db_20221026_023-1536x1024.jpg 1536w, https:\/\/derbildkomponist.de\/wp-content\/uploads\/2023\/01\/010-db_20221026_023-2000x1333.jpg 2000w, https:\/\/derbildkomponist.de\/wp-content\/uploads\/2023\/01\/010-db_20221026_023.jpg 2048w\" sizes=\"(max-width: 1024px) 100vw, 1024px\" \/><\/a><\/figure>\n\n\n\n<p>Oktober<\/p>\n\n\n\n<p>Inzwischen schon fast Routine \u2013 der Weg in die Notaufnahme im UKM, aber immer verbunden mit viel Wartezeit und der Tatsache, nicht mit da hinein zu d\u00fcrfen &#8211; wegen Corona\u2026.<\/p>\n\n\n\n<figure class=\"wp-block-image size-large\"><a href=\"http:\/\/derbildkomponist.de\/wp-content\/uploads\/2023\/01\/011-db_20221108_010-Bearbeitet.jpg\"><img loading=\"lazy\" decoding=\"async\" width=\"1024\" height=\"768\" src=\"http:\/\/derbildkomponist.de\/wp-content\/uploads\/2023\/01\/011-db_20221108_010-Bearbeitet-1024x768.jpg\" alt=\"\" class=\"wp-image-5412\" srcset=\"https:\/\/derbildkomponist.de\/wp-content\/uploads\/2023\/01\/011-db_20221108_010-Bearbeitet-1024x768.jpg 1024w, https:\/\/derbildkomponist.de\/wp-content\/uploads\/2023\/01\/011-db_20221108_010-Bearbeitet-300x225.jpg 300w, https:\/\/derbildkomponist.de\/wp-content\/uploads\/2023\/01\/011-db_20221108_010-Bearbeitet-768x576.jpg 768w, https:\/\/derbildkomponist.de\/wp-content\/uploads\/2023\/01\/011-db_20221108_010-Bearbeitet-1536x1152.jpg 1536w, https:\/\/derbildkomponist.de\/wp-content\/uploads\/2023\/01\/011-db_20221108_010-Bearbeitet-2000x1500.jpg 2000w, https:\/\/derbildkomponist.de\/wp-content\/uploads\/2023\/01\/011-db_20221108_010-Bearbeitet.jpg 2048w\" sizes=\"(max-width: 1024px) 100vw, 1024px\" \/><\/a><\/figure>\n\n\n\n<p>November<\/p>\n\n\n\n<p>Im November gab es ausschlie\u00dflich Gassigehfotos, aber ich war dann doch erstaunt, wie ich im November immer wieder Gl\u00fcck mit dem Wetter hatte und auch immer mein t\u00e4gliches Foto auf den Touren fand und wie ich bei diesem Foto genau zur richtigen Zeit am richtigen Ort mein Foto bekam\u2026, eins der motivischen Gl\u00fccksf\u00e4lle.<\/p>\n\n\n\n<figure class=\"wp-block-image size-large\"><a href=\"http:\/\/derbildkomponist.de\/wp-content\/uploads\/2023\/01\/012-db_20221216_049.jpg\"><img loading=\"lazy\" decoding=\"async\" width=\"1024\" height=\"819\" src=\"http:\/\/derbildkomponist.de\/wp-content\/uploads\/2023\/01\/012-db_20221216_049-1024x819.jpg\" alt=\"\" class=\"wp-image-5413\" srcset=\"https:\/\/derbildkomponist.de\/wp-content\/uploads\/2023\/01\/012-db_20221216_049-1024x819.jpg 1024w, https:\/\/derbildkomponist.de\/wp-content\/uploads\/2023\/01\/012-db_20221216_049-300x240.jpg 300w, https:\/\/derbildkomponist.de\/wp-content\/uploads\/2023\/01\/012-db_20221216_049-768x614.jpg 768w, https:\/\/derbildkomponist.de\/wp-content\/uploads\/2023\/01\/012-db_20221216_049-1536x1229.jpg 1536w, https:\/\/derbildkomponist.de\/wp-content\/uploads\/2023\/01\/012-db_20221216_049-2000x1600.jpg 2000w, https:\/\/derbildkomponist.de\/wp-content\/uploads\/2023\/01\/012-db_20221216_049.jpg 2048w\" sizes=\"(max-width: 1024px) 100vw, 1024px\" \/><\/a><\/figure>\n\n\n\n<p>Dezember<\/p>\n\n\n\n<p>Schnee geh\u00f6rt einfach in den Winter und gl\u00fccklicherweise kam der hier im M\u00fcnsterland ganz kurz \u201ehereingeschneit\u201c und ich zu einem netten Foto auf einer Lichtung im nahen Wald, was dann auch mein Foto des Monats im Dezember wurde.<\/p>\n\n\n\n<p>Ein Fazit zum gesamten Projekt: Ich h\u00e4tte nicht gedacht, dass ich bei meinen Einschr\u00e4nkungen im Fotografierradius, so ein Vielfalt an Fotos hinbekomme, auch t\u00e4glich etwas fand und ich h\u00e4tte nicht gedacht, wie wichtig mir dieses t\u00e4gliche Foto werden k\u00f6nnte. Ich behaupte sogar inzwischen, dass es f\u00fcr mich Therapie in der schwierigen Zeit ist. Darum mache ich weiter, ich kann garnicht (mehr) anders T\u00e4glich weiterhin auf Instagram zu sehen und auf meiner Seite<\/p>\n\n\n\n<p>Wer nun neugierig auf die 52 Wochenfotos ist, kann sie auf meiner Seite finden <a href=\"http:\/\/derbildkomponist.de\/?p=5192\">http:\/\/derbildkomponist.de\/?p=5192<\/a> und kann da auch meine #alltagsknipserei anschauen. Wahrscheinlich h\u00e4tte ihr ganz andere Fotos des Monat oder Fotos der Woche ausgew\u00e4hlt. W\u00e4re f\u00fcr mich sehr interessant, dies mal zu erfahren.<\/p>\n\n\n\n<p>Ansonsten w\u00fcnsche ich euch ein fotografisch reizvolles neues Jahr, nat\u00fcrlich auch im allgemeinen ein erquickliches Jahr.<\/p>\n\n\n\n<p>Euer Andreas<\/p>\n","protected":false},"excerpt":{"rendered":"<p> &hellip;<\/p>\n","protected":false},"author":1,"featured_media":5408,"comment_status":"open","ping_status":"open","sticky":false,"template":"","format":"standard","meta":{"ngg_post_thumbnail":0,"jetpack_post_was_ever_published":false,"_jetpack_newsletter_access":"","_jetpack_newsletter_tier_id":0,"footnotes":""},"categories":[1],"tags":[],"jetpack_sharing_enabled":true,"jetpack_featured_media_url":"https:\/\/derbildkomponist.de\/wp-content\/uploads\/2023\/01\/007-db_20220721_044.jpg","_links":{"self":[{"href":"https:\/\/derbildkomponist.de\/index.php?rest_route=\/wp\/v2\/posts\/5401"}],"collection":[{"href":"https:\/\/derbildkomponist.de\/index.php?rest_route=\/wp\/v2\/posts"}],"about":[{"href":"https:\/\/derbildkomponist.de\/index.php?rest_route=\/wp\/v2\/types\/post"}],"author":[{"embeddable":true,"href":"https:\/\/derbildkomponist.de\/index.php?rest_route=\/wp\/v2\/users\/1"}],"replies":[{"embeddable":true,"href":"https:\/\/derbildkomponist.de\/index.php?rest_route=%2Fwp%2Fv2%2Fcomments&post=5401"}],"version-history":[{"count":5,"href":"https:\/\/derbildkomponist.de\/index.php?rest_route=\/wp\/v2\/posts\/5401\/revisions"}],"predecessor-version":[{"id":5456,"href":"https:\/\/derbildkomponist.de\/index.php?rest_route=\/wp\/v2\/posts\/5401\/revisions\/5456"}],"wp:featuredmedia":[{"embeddable":true,"href":"https:\/\/derbildkomponist.de\/index.php?rest_route=\/wp\/v2\/media\/5408"}],"wp:attachment":[{"href":"https:\/\/derbildkomponist.de\/index.php?rest_route=%2Fwp%2Fv2%2Fmedia&parent=5401"}],"wp:term":[{"taxonomy":"category","embeddable":true,"href":"https:\/\/derbildkomponist.de\/index.php?rest_route=%2Fwp%2Fv2%2Fcategories&post=5401"},{"taxonomy":"post_tag","embeddable":true,"href":"https:\/\/derbildkomponist.de\/index.php?rest_route=%2Fwp%2Fv2%2Ftags&post=5401"}],"curies":[{"name":"wp","href":"https:\/\/api.w.org\/{rel}","templated":true}]}}