{"id":5595,"date":"2023-02-18T22:06:07","date_gmt":"2023-02-18T22:06:07","guid":{"rendered":"http:\/\/derbildkomponist.de\/?p=5595"},"modified":"2023-03-03T09:16:29","modified_gmt":"2023-03-03T09:16:29","slug":"machen-3500-likes-einen-guten-fotografen-aus","status":"publish","type":"post","link":"https:\/\/derbildkomponist.de\/?p=5595","title":{"rendered":"Machen 3500 Likes einen guten Fotografen aus?"},"content":{"rendered":"\n<p class=\"has-black-color has-cyan-bluish-gray-background-color has-text-color has-background\">Wie umgehen mit soviel likes? Die Frage hab ich mir am Ende des heutigen Tages gestellt. Bekomme ich eine gute Antwort? Aber erst einmal von vorne:<\/p>\n\n\n\n<p>Vor ein paar Tagen war es endlich soweit(eigentlich schon zu weit&#8230;.) Die Sonne ging \u00fcber unsern Gleisen, die direkt an unserm Grundst\u00fcck verlaufen auf, es war ein wolkenloser Morgen und als ich mit unserer Ping zur Gassirunde aufbrach, war am Bahn\u00fcbergang genau der richtige Moment und dann kam auch noch der Zug, ich war also zur fast richtigen Zeit am genau richtigen Ort f\u00fcr ein Foto, welches ich schon seit gut zwei Jahren machen wollte, was aber nie funktioniert hat,weil einfach das Wetter nicht mitspielte, denn ohne Sonne&#8230;. <\/p>\n\n\n\n<figure class=\"wp-block-gallery columns-1 is-cropped wp-block-gallery-1 is-layout-flex wp-block-gallery-is-layout-flex\"><ul class=\"blocks-gallery-grid\"><li class=\"blocks-gallery-item\"><figure><a href=\"http:\/\/derbildkomponist.de\/wp-content\/uploads\/2023\/02\/db_20181115_055-1024x683.jpg\"><img loading=\"lazy\" decoding=\"async\" width=\"1024\" height=\"683\" src=\"http:\/\/derbildkomponist.de\/wp-content\/uploads\/2023\/02\/db_20181115_055-1024x683.jpg\" alt=\"\" data-id=\"5596\" data-link=\"http:\/\/derbildkomponist.de\/?attachment_id=5596\" class=\"wp-image-5596\" srcset=\"https:\/\/derbildkomponist.de\/wp-content\/uploads\/2023\/02\/db_20181115_055-1024x683.jpg 1024w, https:\/\/derbildkomponist.de\/wp-content\/uploads\/2023\/02\/db_20181115_055-300x200.jpg 300w, https:\/\/derbildkomponist.de\/wp-content\/uploads\/2023\/02\/db_20181115_055-768x512.jpg 768w, https:\/\/derbildkomponist.de\/wp-content\/uploads\/2023\/02\/db_20181115_055-1536x1024.jpg 1536w, https:\/\/derbildkomponist.de\/wp-content\/uploads\/2023\/02\/db_20181115_055-2000x1333.jpg 2000w, https:\/\/derbildkomponist.de\/wp-content\/uploads\/2023\/02\/db_20181115_055.jpg 2048w\" sizes=\"(max-width: 1024px) 100vw, 1024px\" \/><\/a><\/figure><\/li><li class=\"blocks-gallery-item\"><figure><a href=\"http:\/\/derbildkomponist.de\/wp-content\/uploads\/2023\/03\/db_20221022_010.jpg\"><img loading=\"lazy\" decoding=\"async\" width=\"1024\" height=\"768\" src=\"http:\/\/derbildkomponist.de\/wp-content\/uploads\/2023\/03\/db_20221022_010-1024x768.jpg\" alt=\"\" data-id=\"5657\" data-full-url=\"http:\/\/derbildkomponist.de\/wp-content\/uploads\/2023\/03\/db_20221022_010.jpg\" data-link=\"http:\/\/derbildkomponist.de\/?attachment_id=5657\" class=\"wp-image-5657\" srcset=\"https:\/\/derbildkomponist.de\/wp-content\/uploads\/2023\/03\/db_20221022_010-1024x768.jpg 1024w, https:\/\/derbildkomponist.de\/wp-content\/uploads\/2023\/03\/db_20221022_010-300x225.jpg 300w, https:\/\/derbildkomponist.de\/wp-content\/uploads\/2023\/03\/db_20221022_010-768x576.jpg 768w, https:\/\/derbildkomponist.de\/wp-content\/uploads\/2023\/03\/db_20221022_010-1536x1152.jpg 1536w, https:\/\/derbildkomponist.de\/wp-content\/uploads\/2023\/03\/db_20221022_010-2000x1500.jpg 2000w, https:\/\/derbildkomponist.de\/wp-content\/uploads\/2023\/03\/db_20221022_010.jpg 2048w\" sizes=\"(max-width: 1024px) 100vw, 1024px\" \/><\/a><\/figure><\/li><li class=\"blocks-gallery-item\"><figure><a href=\"http:\/\/derbildkomponist.de\/wp-content\/uploads\/2023\/02\/db_20220731_051-1024x768.jpg\"><img loading=\"lazy\" decoding=\"async\" width=\"1024\" height=\"768\" src=\"http:\/\/derbildkomponist.de\/wp-content\/uploads\/2023\/02\/db_20220731_051-1024x768.jpg\" alt=\"\" data-id=\"5597\" data-link=\"http:\/\/derbildkomponist.de\/?attachment_id=5597\" class=\"wp-image-5597\" srcset=\"https:\/\/derbildkomponist.de\/wp-content\/uploads\/2023\/02\/db_20220731_051-1024x768.jpg 1024w, https:\/\/derbildkomponist.de\/wp-content\/uploads\/2023\/02\/db_20220731_051-300x225.jpg 300w, https:\/\/derbildkomponist.de\/wp-content\/uploads\/2023\/02\/db_20220731_051-768x576.jpg 768w, https:\/\/derbildkomponist.de\/wp-content\/uploads\/2023\/02\/db_20220731_051-1536x1152.jpg 1536w, https:\/\/derbildkomponist.de\/wp-content\/uploads\/2023\/02\/db_20220731_051-2000x1500.jpg 2000w, https:\/\/derbildkomponist.de\/wp-content\/uploads\/2023\/02\/db_20220731_051.jpg 2048w\" sizes=\"(max-width: 1024px) 100vw, 1024px\" \/><\/a><\/figure><\/li><li class=\"blocks-gallery-item\"><figure><a href=\"http:\/\/derbildkomponist.de\/wp-content\/uploads\/2023\/02\/db_20221211_007-1024x768.jpg\"><img loading=\"lazy\" decoding=\"async\" width=\"1024\" height=\"768\" src=\"http:\/\/derbildkomponist.de\/wp-content\/uploads\/2023\/02\/db_20221211_007-1024x768.jpg\" alt=\"\" data-id=\"5598\" data-link=\"http:\/\/derbildkomponist.de\/?attachment_id=5598\" class=\"wp-image-5598\" srcset=\"https:\/\/derbildkomponist.de\/wp-content\/uploads\/2023\/02\/db_20221211_007-1024x768.jpg 1024w, https:\/\/derbildkomponist.de\/wp-content\/uploads\/2023\/02\/db_20221211_007-300x225.jpg 300w, https:\/\/derbildkomponist.de\/wp-content\/uploads\/2023\/02\/db_20221211_007-768x576.jpg 768w, https:\/\/derbildkomponist.de\/wp-content\/uploads\/2023\/02\/db_20221211_007-1536x1152.jpg 1536w, https:\/\/derbildkomponist.de\/wp-content\/uploads\/2023\/02\/db_20221211_007-2000x1500.jpg 2000w, https:\/\/derbildkomponist.de\/wp-content\/uploads\/2023\/02\/db_20221211_007.jpg 2048w\" sizes=\"(max-width: 1024px) 100vw, 1024px\" \/><\/a><\/figure><\/li><\/ul><\/figure>\n\n\n\n<p><\/p>\n\n\n\n<p>Gut, auch im Nebel oder im glei\u00dfenden Sonnenlicht habe ich schon etliche Fotos am Bahn\u00fcbergang gemacht, aber genu, wenn die Sonne \u00fcber den Gleisen aufgeht? Das ist nur zweimal im Jahr m\u00f6glich und bis jetzt hatte ich einfach kein Gl\u00fcck. <\/p>\n\n\n\n<figure class=\"wp-block-image size-large\"><img loading=\"lazy\" decoding=\"async\" width=\"1024\" height=\"768\" src=\"http:\/\/derbildkomponist.de\/wp-content\/uploads\/2023\/02\/db_20230215_007-1-1024x768.jpg\" alt=\"\" class=\"wp-image-5604\" srcset=\"https:\/\/derbildkomponist.de\/wp-content\/uploads\/2023\/02\/db_20230215_007-1-1024x768.jpg 1024w, https:\/\/derbildkomponist.de\/wp-content\/uploads\/2023\/02\/db_20230215_007-1-300x225.jpg 300w, https:\/\/derbildkomponist.de\/wp-content\/uploads\/2023\/02\/db_20230215_007-1-768x576.jpg 768w, https:\/\/derbildkomponist.de\/wp-content\/uploads\/2023\/02\/db_20230215_007-1-1536x1152.jpg 1536w, https:\/\/derbildkomponist.de\/wp-content\/uploads\/2023\/02\/db_20230215_007-1-2000x1500.jpg 2000w, https:\/\/derbildkomponist.de\/wp-content\/uploads\/2023\/02\/db_20230215_007-1.jpg 2048w\" sizes=\"(max-width: 1024px) 100vw, 1024px\" \/><\/figure>\n\n\n\n<p>Genau genommen, war es jetzt auch schon wieder zu sp\u00e4t, denn die Sonne ging links vom Gleis auf, aber sie wanderte wenigstens \u00fcber die Gleise und dann hatte ich ja auch noch das Gl\u00fcck, dass da gerade der Zug in Richtung M\u00fcnsterer kam. Ich hatte also mein t\u00e4gliches &#8222;Alltagsfoto&#8220; im Kasten und hab es nat\u00fcrlich gleich bei Instagram gepostet. Mit entsprecheden hashtags versehen kam es, dass die DB(da hat die doch die gleichen Initialien wie ich ,<strong>d<\/strong>er<strong>b<\/strong>ildkomponist&#8230; ) das Foto sah und nachfragte, ob sie es in ihrer Socia -Community reposten d\u00fcrfte. Nat\u00fcrlich durfte sie und heute war es dann soweit. Innerhalb von 4 Stunden gab es \u00fcber 2000 likes und am Ende des Tages(Samstag, den 18.2. um 23.30 Uhr sind es schon \u00fcber 3500. <\/p>\n\n\n\n<div class=\"wp-block-image\"><figure class=\"aligncenter size-large is-resized\"><img loading=\"lazy\" decoding=\"async\" src=\"http:\/\/derbildkomponist.de\/wp-content\/uploads\/2023\/02\/Screenshot_2023-02-18-22-47-50-76_1c337646f29875672b5a61192b9010f9-524x1024.jpg\" alt=\"\" class=\"wp-image-5605\" width=\"372\" height=\"727\" srcset=\"https:\/\/derbildkomponist.de\/wp-content\/uploads\/2023\/02\/Screenshot_2023-02-18-22-47-50-76_1c337646f29875672b5a61192b9010f9-524x1024.jpg 524w, https:\/\/derbildkomponist.de\/wp-content\/uploads\/2023\/02\/Screenshot_2023-02-18-22-47-50-76_1c337646f29875672b5a61192b9010f9-153x300.jpg 153w, https:\/\/derbildkomponist.de\/wp-content\/uploads\/2023\/02\/Screenshot_2023-02-18-22-47-50-76_1c337646f29875672b5a61192b9010f9-768x1502.jpg 768w, https:\/\/derbildkomponist.de\/wp-content\/uploads\/2023\/02\/Screenshot_2023-02-18-22-47-50-76_1c337646f29875672b5a61192b9010f9-785x1536.jpg 785w, https:\/\/derbildkomponist.de\/wp-content\/uploads\/2023\/02\/Screenshot_2023-02-18-22-47-50-76_1c337646f29875672b5a61192b9010f9.jpg 1047w\" sizes=\"(max-width: 372px) 100vw, 372px\" \/><\/figure><\/div>\n\n\n\n<p>Ein bisschen stolz bin ich ja, aber kann ich mir davon was &#8222;kaufen&#8220;? Naja, sonst habe ich so um die 40 Likes f\u00fcr ein Foto und ich weiss von Bekannten, die sich immer an meinen Fotos erfreuen, die aber nichts liken. Und das ist mir doch viel wichtiger, in meiner &#8222;Blase&#8220; gesehen zu werden und so relativieren sich die 3500 Likes wieder. Also: eigentlich nichts Neues an der Fotofront, nur ein kurzer &#8222;Blitz&#8220; und schon ist wieder alles normal. <\/p>\n\n\n\n<p>Und die Frage nach einem guten Fotografen m\u00fcssen sowieso dann doch wohl andere beantworten, denn wer sagt, das ein Like ein Qualit\u00e4tskriterium ist? Ich sehe das nicht so&#8230;<\/p>\n\n\n\n<p>P.S.: Am Sonntag um 11.10 Uhr hab ich dann nochmal geschaut, wie der Stand ist und &#8230; es stand bei 3999! Da musste ich mir doch selbst das 4000te like geben&#8230;<\/p>\n\n\n\n<figure class=\"wp-block-image size-large\"><img loading=\"lazy\" decoding=\"async\" width=\"760\" height=\"1024\" src=\"http:\/\/derbildkomponist.de\/wp-content\/uploads\/2023\/02\/Screenshot_2023-02-19-11-10-04-93_1c337646f29875672b5a61192b9010f9-760x1024.jpg\" alt=\"\" class=\"wp-image-5610\" srcset=\"https:\/\/derbildkomponist.de\/wp-content\/uploads\/2023\/02\/Screenshot_2023-02-19-11-10-04-93_1c337646f29875672b5a61192b9010f9-760x1024.jpg 760w, https:\/\/derbildkomponist.de\/wp-content\/uploads\/2023\/02\/Screenshot_2023-02-19-11-10-04-93_1c337646f29875672b5a61192b9010f9-223x300.jpg 223w, https:\/\/derbildkomponist.de\/wp-content\/uploads\/2023\/02\/Screenshot_2023-02-19-11-10-04-93_1c337646f29875672b5a61192b9010f9-768x1035.jpg 768w, https:\/\/derbildkomponist.de\/wp-content\/uploads\/2023\/02\/Screenshot_2023-02-19-11-10-04-93_1c337646f29875672b5a61192b9010f9-1140x1536.jpg 1140w, https:\/\/derbildkomponist.de\/wp-content\/uploads\/2023\/02\/Screenshot_2023-02-19-11-10-04-93_1c337646f29875672b5a61192b9010f9.jpg 1520w\" sizes=\"(max-width: 760px) 100vw, 760px\" \/><\/figure>\n","protected":false},"excerpt":{"rendered":"<p> &hellip;<\/p>\n","protected":false},"author":1,"featured_media":5590,"comment_status":"open","ping_status":"open","sticky":false,"template":"","format":"standard","meta":{"ngg_post_thumbnail":0,"jetpack_post_was_ever_published":false,"_jetpack_newsletter_access":"","_jetpack_newsletter_tier_id":0,"footnotes":""},"categories":[4],"tags":[],"jetpack_sharing_enabled":true,"jetpack_featured_media_url":"https:\/\/derbildkomponist.de\/wp-content\/uploads\/2023\/02\/db_20230215_007-e1676747213399.jpg","_links":{"self":[{"href":"https:\/\/derbildkomponist.de\/index.php?rest_route=\/wp\/v2\/posts\/5595"}],"collection":[{"href":"https:\/\/derbildkomponist.de\/index.php?rest_route=\/wp\/v2\/posts"}],"about":[{"href":"https:\/\/derbildkomponist.de\/index.php?rest_route=\/wp\/v2\/types\/post"}],"author":[{"embeddable":true,"href":"https:\/\/derbildkomponist.de\/index.php?rest_route=\/wp\/v2\/users\/1"}],"replies":[{"embeddable":true,"href":"https:\/\/derbildkomponist.de\/index.php?rest_route=%2Fwp%2Fv2%2Fcomments&post=5595"}],"version-history":[{"count":6,"href":"https:\/\/derbildkomponist.de\/index.php?rest_route=\/wp\/v2\/posts\/5595\/revisions"}],"predecessor-version":[{"id":5659,"href":"https:\/\/derbildkomponist.de\/index.php?rest_route=\/wp\/v2\/posts\/5595\/revisions\/5659"}],"wp:featuredmedia":[{"embeddable":true,"href":"https:\/\/derbildkomponist.de\/index.php?rest_route=\/wp\/v2\/media\/5590"}],"wp:attachment":[{"href":"https:\/\/derbildkomponist.de\/index.php?rest_route=%2Fwp%2Fv2%2Fmedia&parent=5595"}],"wp:term":[{"taxonomy":"category","embeddable":true,"href":"https:\/\/derbildkomponist.de\/index.php?rest_route=%2Fwp%2Fv2%2Fcategories&post=5595"},{"taxonomy":"post_tag","embeddable":true,"href":"https:\/\/derbildkomponist.de\/index.php?rest_route=%2Fwp%2Fv2%2Ftags&post=5595"}],"curies":[{"name":"wp","href":"https:\/\/api.w.org\/{rel}","templated":true}]}}