{"id":5720,"date":"2023-03-29T18:11:10","date_gmt":"2023-03-29T18:11:10","guid":{"rendered":"http:\/\/derbildkomponist.de\/?p=5720"},"modified":"2023-03-29T18:11:10","modified_gmt":"2023-03-29T18:11:10","slug":"am-ende-meiner-365-tage","status":"publish","type":"post","link":"https:\/\/derbildkomponist.de\/?p=5720","title":{"rendered":"Am Ende meiner 365 Tage"},"content":{"rendered":"\n<p>Keine Angst, nichts ist vorbei oder so. Ich m\u00f6chte nur einmal \u00fcber mein 365 Tage-Fotoprojekt res\u00fcmieren. Etwas krumm der Zeitpunkt, aber vor eben genau diesen 365 Tagen habe ich mich spontan entschlossen, dieses Projekt einmal anzugehen und zu schauen, was es mit mir macht.&nbsp;<\/p>\n\n\n\n<figure class=\"wp-block-image size-large\"><img loading=\"lazy\" decoding=\"async\" width=\"1024\" height=\"718\" src=\"http:\/\/derbildkomponist.de\/wp-content\/uploads\/2023\/03\/db_20220329_048-1024x718.jpg\" alt=\"\" class=\"wp-image-5721\" srcset=\"https:\/\/derbildkomponist.de\/wp-content\/uploads\/2023\/03\/db_20220329_048-1024x718.jpg 1024w, https:\/\/derbildkomponist.de\/wp-content\/uploads\/2023\/03\/db_20220329_048-300x210.jpg 300w, https:\/\/derbildkomponist.de\/wp-content\/uploads\/2023\/03\/db_20220329_048-768x538.jpg 768w, https:\/\/derbildkomponist.de\/wp-content\/uploads\/2023\/03\/db_20220329_048-1536x1076.jpg 1536w, https:\/\/derbildkomponist.de\/wp-content\/uploads\/2023\/03\/db_20220329_048-2000x1401.jpg 2000w, https:\/\/derbildkomponist.de\/wp-content\/uploads\/2023\/03\/db_20220329_048.jpg 2048w\" sizes=\"(max-width: 1024px) 100vw, 1024px\" \/><figcaption>&#8222;13 &#8211; Na dann&#8230;&#8220; &#8211; ein Rad in M\u00fcnster&#8230;, speziell&#8230;, platt&#8230;!<\/figcaption><\/figure>\n\n\n\n<p class=\"has-text-align-center\"><em>Das erste Foto meiner Serie am 29.3.22: Werbefahrzeug und Verteiler der &#8222;Na dann&#8220;, einem Studentebl\u00e4ttchen am Domplatz angekettet&#8230;und platt.<\/em><\/p>\n\n\n\n<figure class=\"wp-block-image size-large\"><img loading=\"lazy\" decoding=\"async\" width=\"1024\" height=\"576\" src=\"http:\/\/derbildkomponist.de\/wp-content\/uploads\/2023\/03\/db_20230328_049-1-1024x576.jpg\" alt=\"\" class=\"wp-image-5722\" srcset=\"https:\/\/derbildkomponist.de\/wp-content\/uploads\/2023\/03\/db_20230328_049-1-1024x576.jpg 1024w, https:\/\/derbildkomponist.de\/wp-content\/uploads\/2023\/03\/db_20230328_049-1-300x169.jpg 300w, https:\/\/derbildkomponist.de\/wp-content\/uploads\/2023\/03\/db_20230328_049-1-768x432.jpg 768w, https:\/\/derbildkomponist.de\/wp-content\/uploads\/2023\/03\/db_20230328_049-1-1536x864.jpg 1536w, https:\/\/derbildkomponist.de\/wp-content\/uploads\/2023\/03\/db_20230328_049-1-2000x1125.jpg 2000w, https:\/\/derbildkomponist.de\/wp-content\/uploads\/2023\/03\/db_20230328_049-1.jpg 2048w\" sizes=\"(max-width: 1024px) 100vw, 1024px\" \/><\/figure>\n\n\n\n<p class=\"has-text-align-center\"><em>Erneuter Besuch nach einem Jahr. Mein Blick hat sich ge\u00e4ndert, das Rad ist nicht mehr platt aber es steht immer noch an selber Stelle.<\/em><\/p>\n\n\n\n<p>Begonnen habe ich, weil ich merkte, dass ich ja sowieso immer eine Kamera dabei habe und fast jeden Tag Fotos machte und so dachte ich, da k\u00f6nne ich doch die Herausforderung einmal richtig annehmen, das nun wirklich t\u00e4glich zu tun. Dass das Projekt mir dann im Laufe des Jahres sozusagen zu einer Art von \u201eTherapieprojekt\u201c w\u00fcrde, ahnte ich da noch gar nicht, aber mir war zu dem Zeitpunkt schon die Fotografie als Ausgleich zum Alltag und \u201eErholung\u201c von selbigen sehr wichtig und je konsequenter ich das praktizierte, desto wichtiger war mir die positive Wirkung f\u00fcr mich. Folglich bin ich nat\u00fcrlich dran geblieben und werde auch weiter dran bleiben. Dazu aber sp\u00e4ter mehr. Das mich das im Laufe des Jahres sehr schnell auf wenige Zeitr\u00e4ume und r\u00e4umliche Entfernungen w\u00e4hrend meiner Gassirunden mit unserer Ping zwang, lag an der Situation meiner Frau(wie ich schon anderswo berichtete) und war eine Herausforderung von der ich dachte, sie w\u00fcrde bald ersch\u00f6pft sein, aber bis jetzt ist eher das Gegenteil der Fall. Ich finde jeden Tag neue Motive und Motivideen, die ich z.T. \u201eaufhebe\u201c, bis sie vielleicht mal passend sind oder die Lichtstimmung. Ich laufe ja immer dieselben Strecken. Dass das Ganze nicht wirklich biografisch ist, ist meine Absicht, teils eher als Ablenkung vom Alltag und entgegen meinen aktuellen Gef\u00fchlen. Denn ich finde es nicht so einfach, Gef\u00fchle in Bilder zu \u00fcbersetzen. Manchmal passt es aber schon und diese Fotos sind mir nat\u00fcrlich sehr wichtig. Aber auch eine unbeteiligte Person soll sich an meinen Fotos erfreuen k\u00f6nnen, sie sollen im besten Fall auch unterhalten. Eine kleine Zeile dazu geschrieben, finde ich auch ganz sch\u00f6n. Mache ich weiter nach diesem Jahr. Nat\u00fcrlich, denn ich habe zu sch\u00e4tzen gelernt, was die Fotografie eigentlich f\u00fcr mich bedeutet und da kann ich gar nicht mehr aufh\u00f6ren. Meine Devise inzwischen ist, es k\u00f6nnen auch mal mehr als ein Foto am Tag werden, oder eben auch mal keines, je nach Lust und Laune. So l\u00e4uft das Ganze also weiter als Fototagebuch und ich freu mich weiter auf meine \u201eKnipserei\u201c(wie meine Frau liebevoll sagt). Denn so ernst nehme ich das Ganze nun auch nicht. Da kommt nicht wirklich immer gro\u00dfe Kunst heraus, aber ab und an zumindest vielleicht kleine Kunst? Naja und das reicht mir schon. Und was hat das Projekt bei mir f\u00fcr meine Fotografie bewirkt. Ganz klar, ich gehe noch bewusster durch die Welt, um Motive zu finden, oder finden die Motive vielleicht auch mich? Es lenkt jedenfalls ungemein vom Alltag ab und ich komme manchmal in einen richtigen Flow und kann die Zeit vergessen, manchmal auch unsere Ping, aber die ist inzwischen daran gew\u00f6hnt und wartet oft ganz geduldig, oder sie wird zum Model\u2026 Gef\u00fchlt scheint sich auch Ver\u00e4nderungen in meiner Fotografie zu zeigen, ich \u201e\u00fcbe\u201c ja mit jedem Motiv und schon allein die Tatsache, dass ich auf den gleichbleibenden Touren nach einem Jahr immer noch Motive finde, zeigt das ich nicht \u201estehen\u201c bleibe. Aber das sollen doch lieber Aussenstehende beurteilen&#8230;<\/p>\n\n\n\n<p>Wen diese Serie nun interessieren, der findet bei Instagram die insgesamt 447(!) Beitr\u00e4ge unter:<a rel=\"noreferrer noopener\" href=\"https:\/\/www.instagram.com\/explore\/tags\/alltagsknipserei\/\" target=\"_blank\">https:\/\/www.instagram.com\/explore\/tags\/alltagsknipserei\/<\/a> oder schaue hier auf meiner Seite unter auf den entsprechenden Seiten. Die Fotos sind dort viel besser und gr\u00f6\u00dfer anzuschauen als bei Instagram und macht die Bilder schon einmal \u201eautomatisch\u201c besser\u2026 Freue mich auf zahlreichen Austausch zu meinem Projekt, hoffentlich habt ihr auch so motivierende Projekte am Start, ich kann auch thematische Projekte nur empfehlen zu machen, man lernt ungemein.<\/p>\n\n\n\n<p>Liebe Gr\u00fc\u00dfe Euer Andreas<\/p>\n\n\n\n<p><br>P.S. Das ist \u00fcbrigens derzeit mein Lieblingsbild aus der Serie, trotz der Novemberzeit und der ganz schlimmen famili\u00e4ren Situation in der Zeit.<\/p>\n\n\n\n<figure class=\"wp-block-image size-large\"><img loading=\"lazy\" decoding=\"async\" width=\"1024\" height=\"683\" src=\"http:\/\/derbildkomponist.de\/wp-content\/uploads\/2023\/03\/001-db_20221105_025-1024x683.jpg\" alt=\"\" class=\"wp-image-5723\" srcset=\"https:\/\/derbildkomponist.de\/wp-content\/uploads\/2023\/03\/001-db_20221105_025-1024x683.jpg 1024w, https:\/\/derbildkomponist.de\/wp-content\/uploads\/2023\/03\/001-db_20221105_025-300x200.jpg 300w, https:\/\/derbildkomponist.de\/wp-content\/uploads\/2023\/03\/001-db_20221105_025-768x512.jpg 768w, https:\/\/derbildkomponist.de\/wp-content\/uploads\/2023\/03\/001-db_20221105_025-1536x1024.jpg 1536w, https:\/\/derbildkomponist.de\/wp-content\/uploads\/2023\/03\/001-db_20221105_025-2000x1333.jpg 2000w, https:\/\/derbildkomponist.de\/wp-content\/uploads\/2023\/03\/001-db_20221105_025.jpg 2048w\" sizes=\"(max-width: 1024px) 100vw, 1024px\" \/><figcaption>&#8222;Die Kraft der Sonne&#8220; &#8211; ist an diesem Novembermorgen noch stark und saugt den Nebel auf. Die Pixel auf dem Sensor auch&#8230;<\/figcaption><\/figure>\n\n\n\n<p>Das folgende ist unmittelbar dem Gef\u00fchl entstanden, das ich hatte, als ich diese Autobahnbr\u00fccke \u00fcberquerte.<\/p>\n\n\n\n<figure class=\"wp-block-image size-large\"><img loading=\"lazy\" decoding=\"async\" width=\"1024\" height=\"768\" src=\"http:\/\/derbildkomponist.de\/wp-content\/uploads\/2023\/03\/001-db_20220721_044-1024x768.jpg\" alt=\"\" class=\"wp-image-5724\" srcset=\"https:\/\/derbildkomponist.de\/wp-content\/uploads\/2023\/03\/001-db_20220721_044-1024x768.jpg 1024w, https:\/\/derbildkomponist.de\/wp-content\/uploads\/2023\/03\/001-db_20220721_044-300x225.jpg 300w, https:\/\/derbildkomponist.de\/wp-content\/uploads\/2023\/03\/001-db_20220721_044-768x576.jpg 768w, https:\/\/derbildkomponist.de\/wp-content\/uploads\/2023\/03\/001-db_20220721_044-1536x1152.jpg 1536w, https:\/\/derbildkomponist.de\/wp-content\/uploads\/2023\/03\/001-db_20220721_044-2000x1500.jpg 2000w, https:\/\/derbildkomponist.de\/wp-content\/uploads\/2023\/03\/001-db_20220721_044.jpg 2048w\" sizes=\"(max-width: 1024px) 100vw, 1024px\" \/><figcaption> Wie wenn einem der Boden unter den F\u00fc\u00dfen weggerissen wird&#8230;&#8220;<\/figcaption><\/figure>\n\n\n\n<p><\/p>\n\n\n\n<p>Und zum Abschluss meine treue Begleiterin auf den vielen Gassirunden.<\/p>\n\n\n\n<figure class=\"wp-block-image size-large\"><img loading=\"lazy\" decoding=\"async\" width=\"1024\" height=\"770\" src=\"http:\/\/derbildkomponist.de\/wp-content\/uploads\/2023\/03\/001-db_20220505_033-Bearbeitet-1024x770.jpg\" alt=\"\" class=\"wp-image-5725\" srcset=\"https:\/\/derbildkomponist.de\/wp-content\/uploads\/2023\/03\/001-db_20220505_033-Bearbeitet-1024x770.jpg 1024w, https:\/\/derbildkomponist.de\/wp-content\/uploads\/2023\/03\/001-db_20220505_033-Bearbeitet-300x225.jpg 300w, https:\/\/derbildkomponist.de\/wp-content\/uploads\/2023\/03\/001-db_20220505_033-Bearbeitet-768x577.jpg 768w, https:\/\/derbildkomponist.de\/wp-content\/uploads\/2023\/03\/001-db_20220505_033-Bearbeitet-1536x1154.jpg 1536w, https:\/\/derbildkomponist.de\/wp-content\/uploads\/2023\/03\/001-db_20220505_033-Bearbeitet-2000x1503.jpg 2000w, https:\/\/derbildkomponist.de\/wp-content\/uploads\/2023\/03\/001-db_20220505_033-Bearbeitet.jpg 2048w\" sizes=\"(max-width: 1024px) 100vw, 1024px\" \/><figcaption><em><span class=\"has-inline-color has-pale-cyan-blue-color\">Ping und ihr Lieblingsspielzeug<\/span><\/em><\/figcaption><\/figure>\n\n\n\n<p><\/p>\n","protected":false},"excerpt":{"rendered":"<p> &hellip;<\/p>\n","protected":false},"author":1,"featured_media":0,"comment_status":"open","ping_status":"open","sticky":false,"template":"","format":"standard","meta":{"ngg_post_thumbnail":0,"jetpack_post_was_ever_published":false,"_jetpack_newsletter_access":"","_jetpack_newsletter_tier_id":0,"footnotes":""},"categories":[1,4],"tags":[],"jetpack_sharing_enabled":true,"jetpack_featured_media_url":"","_links":{"self":[{"href":"https:\/\/derbildkomponist.de\/index.php?rest_route=\/wp\/v2\/posts\/5720"}],"collection":[{"href":"https:\/\/derbildkomponist.de\/index.php?rest_route=\/wp\/v2\/posts"}],"about":[{"href":"https:\/\/derbildkomponist.de\/index.php?rest_route=\/wp\/v2\/types\/post"}],"author":[{"embeddable":true,"href":"https:\/\/derbildkomponist.de\/index.php?rest_route=\/wp\/v2\/users\/1"}],"replies":[{"embeddable":true,"href":"https:\/\/derbildkomponist.de\/index.php?rest_route=%2Fwp%2Fv2%2Fcomments&post=5720"}],"version-history":[{"count":1,"href":"https:\/\/derbildkomponist.de\/index.php?rest_route=\/wp\/v2\/posts\/5720\/revisions"}],"predecessor-version":[{"id":5726,"href":"https:\/\/derbildkomponist.de\/index.php?rest_route=\/wp\/v2\/posts\/5720\/revisions\/5726"}],"wp:attachment":[{"href":"https:\/\/derbildkomponist.de\/index.php?rest_route=%2Fwp%2Fv2%2Fmedia&parent=5720"}],"wp:term":[{"taxonomy":"category","embeddable":true,"href":"https:\/\/derbildkomponist.de\/index.php?rest_route=%2Fwp%2Fv2%2Fcategories&post=5720"},{"taxonomy":"post_tag","embeddable":true,"href":"https:\/\/derbildkomponist.de\/index.php?rest_route=%2Fwp%2Fv2%2Ftags&post=5720"}],"curies":[{"name":"wp","href":"https:\/\/api.w.org\/{rel}","templated":true}]}}