{"id":84,"date":"2019-09-15T20:44:46","date_gmt":"2019-09-15T20:44:46","guid":{"rendered":"http:\/\/derbildkomponist.de\/?p=84"},"modified":"2019-09-17T12:45:33","modified_gmt":"2019-09-17T12:45:33","slug":"alles-neu-fast","status":"publish","type":"post","link":"https:\/\/derbildkomponist.de\/?p=84","title":{"rendered":"Alles neu&#8230;fast"},"content":{"rendered":"\n<p class=\"has-background has-luminous-vivid-orange-background-color\"><strong>Webseite neu, viele Texte neu und neue Bilder werden dann auch bald wieder kommen, garantiert. F\u00fcr Eilige kann es jetzt losgehen, alle anderen k\u00f6nnen sich nun \u00fcber alles genauer informieren.<\/strong><\/p>\n\n\n\n<p>Es war dringend Zeit, meine Webseite einmal von Grund auf zu erneuern.  Erstens waren einige Dinge in der Software so veraltet, da\u00df ich daf\u00fcr Extrageb\u00fchr beim Hoster zahlen musste. Zweitens habe ich festgestellt, dass etliche Galerien wegen \u201eAltersschw\u00e4che\u201c auch nicht mehr funktionierten und somit sinnlos waren. Drittens war die Darstellung der Seite f\u00fcr heutige Medien wie Tablet und Handy garnicht richtig tauglich. So war endlich einmal eine grundlegende Renovierung angebracht, die allerdings auch noch etwas andauern wird.Ich bitte um Entschuldigung, wenn noch einiges in Bearbeitung ist und noch unfertig. Muss mich in des neue Programm einarbeiten&#8230; Fehler sind dabei unvermeidlich, aber mit Ihrer Hilfe kann ich sie vielleicht minimieren. Nun hab ich endlich auch die M\u00f6glichkeit, eine Art Blog zu f\u00fchren, was ich gerne ausbauen m\u00f6chte, damit es hier immer wieder (hoffentlich) Interessantes zu lesen gibt, alles nat\u00fcrlich in Sachen Fotografie. Interessant, diskussions- oder kommentarw\u00fcrdig und da kommen sie wieder ins Spiel, liebe Besucher meiner Seite. Kommentieren sie gerne meine Beitr\u00e4ge, ich bem\u00fche mich, immer zeitnah darauf zu reagieren.  <\/p>\n\n\n\n<p>Alles Neue muss sich einspielen, ich bleibe dran und sie auch? Es w\u00fcrde mich freuen.<\/p>\n\n\n\n<p>Ihr\nBildkomponist Andreas Denhoff<\/p>\n","protected":false},"excerpt":{"rendered":"<p> &hellip;<\/p>\n","protected":false},"author":1,"featured_media":0,"comment_status":"open","ping_status":"open","sticky":false,"template":"","format":"standard","meta":{"ngg_post_thumbnail":0,"jetpack_post_was_ever_published":false,"_jetpack_newsletter_access":"","_jetpack_newsletter_tier_id":0,"footnotes":""},"categories":[1],"tags":[],"jetpack_sharing_enabled":true,"jetpack_featured_media_url":"","_links":{"self":[{"href":"https:\/\/derbildkomponist.de\/index.php?rest_route=\/wp\/v2\/posts\/84"}],"collection":[{"href":"https:\/\/derbildkomponist.de\/index.php?rest_route=\/wp\/v2\/posts"}],"about":[{"href":"https:\/\/derbildkomponist.de\/index.php?rest_route=\/wp\/v2\/types\/post"}],"author":[{"embeddable":true,"href":"https:\/\/derbildkomponist.de\/index.php?rest_route=\/wp\/v2\/users\/1"}],"replies":[{"embeddable":true,"href":"https:\/\/derbildkomponist.de\/index.php?rest_route=%2Fwp%2Fv2%2Fcomments&post=84"}],"version-history":[{"count":7,"href":"https:\/\/derbildkomponist.de\/index.php?rest_route=\/wp\/v2\/posts\/84\/revisions"}],"predecessor-version":[{"id":347,"href":"https:\/\/derbildkomponist.de\/index.php?rest_route=\/wp\/v2\/posts\/84\/revisions\/347"}],"wp:attachment":[{"href":"https:\/\/derbildkomponist.de\/index.php?rest_route=%2Fwp%2Fv2%2Fmedia&parent=84"}],"wp:term":[{"taxonomy":"category","embeddable":true,"href":"https:\/\/derbildkomponist.de\/index.php?rest_route=%2Fwp%2Fv2%2Fcategories&post=84"},{"taxonomy":"post_tag","embeddable":true,"href":"https:\/\/derbildkomponist.de\/index.php?rest_route=%2Fwp%2Fv2%2Ftags&post=84"}],"curies":[{"name":"wp","href":"https:\/\/api.w.org\/{rel}","templated":true}]}}